{"id":120,"date":"2024-08-21T21:45:52","date_gmt":"2024-08-22T01:45:52","guid":{"rendered":"https:\/\/atofuete.net\/?p=120"},"modified":"2024-08-21T21:45:52","modified_gmt":"2024-08-22T01:45:52","slug":"el-prm-aprueba-a-unanimidad-propuesta-de-reforma-constitucional","status":"publish","type":"post","link":"https:\/\/atofuete.net\/?p=120","title":{"rendered":"El PRM aprueba a unanimidad propuesta de reforma constitucional"},"content":{"rendered":"\n<p>El proyecto fue depositado en el Congreso Nacional el pasado lunes 19 de agosto<\/p>\n\n\n\n<p>El presidente&nbsp;<strong>Luis Abinader<\/strong>&nbsp;encabez\u00f3 este lunes una&nbsp;<strong>reuni\u00f3n<\/strong>&nbsp;con la&nbsp;<strong>Direcci\u00f3n Ejecutiva<\/strong>&nbsp;del Partido Revolucionario Moderno (<strong>PRM<\/strong>), en la cual se acogi\u00f3 a&nbsp;<strong>unanimidad<\/strong>&nbsp;la&nbsp;<strong>propuesta<\/strong>&nbsp;de&nbsp;<strong>reforma<\/strong>&nbsp;constitucional del mandatario.<\/p>\n\n\n\n<p>La&nbsp;<strong>informaci\u00f3n<\/strong>&nbsp;fue ofrecida por el presidente del partido,&nbsp;<strong>Jos\u00e9 Ignacio Paliza<\/strong>, tras concluir dos reuniones, la primera con la&nbsp;<strong>Direcci\u00f3n Ejecutiva<\/strong>&nbsp;y la segunda con los legisladores que forman parte de la organizaci\u00f3n.<\/p>\n\n\n\n<p>\u00abDe manera un\u00e1nime, la Direcci\u00f3n Ejecutiva del partidos asumi\u00f3 el&nbsp;<strong>apoyo<\/strong>&nbsp;al&nbsp;<strong>proyecto<\/strong>&nbsp;de&nbsp;<strong>reforma<\/strong>&nbsp;constitucional presentado y lo acogi\u00f3 como suyo, por tanto cuenta con todo el respaldo institucional de nuestra organizaci\u00f3n pol\u00edtica\u00bb, manifest\u00f3.<\/p>\n\n\n\n<p>Al ser abordado sobre si habr\u00e1 alguna&nbsp;<strong>modificaci\u00f3n<\/strong>&nbsp;en caso de&nbsp;<strong>oposici\u00f3n<\/strong>, Paliza afirm\u00f3 que ya se han hecho cambios a la&nbsp;<strong>propuesta<\/strong>, a la vez que indic\u00f3 que siempre en el marco de un partido o de un congreso hay posiciones diversas.<\/p>\n\n\n\n<p>\u00abYa ha habido algunos&nbsp;<strong>modificaciones<\/strong>&nbsp;a la&nbsp;<strong>propuesta<\/strong>&nbsp;original, producto de&nbsp;<strong>consultas<\/strong>&nbsp;que se han hecho, sobre todo con juristas, que se llevaron a cabo tanto en el Palacio Nacional como en Santiago, en San Pedro de Macor\u00eds y en otras partes del pa\u00eds\u00bb, dijo.<\/p>\n\n\n\n<p>Cit\u00f3 como ejemplo, \u00abel caso de la&nbsp;<strong>inamovilidad<\/strong>&nbsp;del&nbsp;<strong>procurador<\/strong>&nbsp;que originalmente fue por cuatro a\u00f1os y se present\u00f3 una&nbsp;<strong>propuesta<\/strong>&nbsp;de dos a\u00f1os que se puede confirmar o se podr\u00eda confirmar por dos a\u00f1os m\u00e1s\u00bb.<\/p>\n\n\n\n<p>Se\u00f1al\u00f3 que siempre habr\u00e1 espacio para una&nbsp;<strong>conversaci\u00f3n<\/strong>, \u00abahora bien el&nbsp;<strong>prop\u00f3sito<\/strong>&nbsp;de la&nbsp;<strong>reforma<\/strong>&nbsp;est\u00e1 muy delimitada, est\u00e1 cargado de nobleza, no habr\u00e1 sorpresas y el partido ir\u00e1 a la Asamblea Revisora con una sola posici\u00f3n\u00bb.<\/p>\n\n\n\n<p>Reiter\u00f3 que el&nbsp;<strong>contenido<\/strong>&nbsp;de este&nbsp;<strong>proyecto<\/strong>&nbsp;de&nbsp;<strong>reforma<\/strong>&nbsp;que ha impulsado el presidente&nbsp;<strong>Luis Abinader<\/strong>&nbsp;busca generar y dejar un&nbsp;<strong>legado<\/strong>&nbsp;al pa\u00eds.<\/p>\n\n\n\n<p>El&nbsp;<strong>proyecto<\/strong>&nbsp;de&nbsp;<strong>reforma<\/strong>&nbsp;constitucional fue depositado en el&nbsp;<strong>Congreso Nacional<\/strong>&nbsp;el pasado lunes 19 de agosto por el consultor jur\u00eddico del Poder Ejecutivo, Antoliano Peralta.<\/p>\n\n\n\n<p>La&nbsp;<strong>propuesta<\/strong>&nbsp;presentada por el presidente&nbsp;<strong>Luis Abinader<\/strong>&nbsp;abarca cuatro ejes fundamentales: un&nbsp;<strong>candado<\/strong>&nbsp;a la&nbsp;<strong>Carta Magna<\/strong>, consolidar la&nbsp;<strong>independencia<\/strong>&nbsp;del&nbsp;<strong>Ministerio P\u00fablico<\/strong>&nbsp;(MP), reducir el n\u00famero de&nbsp;<strong>diputados<\/strong>&nbsp;y unificar la celebraci\u00f3n de las&nbsp;<strong>elecciones<\/strong>.<\/p>\n\n\n\n<p>En la&nbsp;<strong>reuni\u00f3n<\/strong>&nbsp;de la&nbsp;<strong>Direcci\u00f3n Ejecutiva<\/strong>&nbsp;estuvieron el presidente&nbsp;<strong>Luis Abinader<\/strong>, la vicepresidenta Raquel Pe\u00f1a, el presidente del&nbsp;<strong>PRM<\/strong>,&nbsp;<strong>Jos\u00e9 Ignacio Paliza<\/strong>, el expresidente Hip\u00f3lito Mej\u00eda, los presidentes del Senado, Ricardo De los Santos, y de la C\u00e1mara de Diputados, Alfredo Pacheco, entre otros&nbsp;<strong>miembros<\/strong>&nbsp;del organismo<\/p>\n","protected":false},"excerpt":{"rendered":"<p>El proyecto fue depositado en el Congreso Nacional el pasado lunes 19 de agosto El presidente&nbsp;Luis Abinader&nbsp;encabez\u00f3 este lunes una&nbsp;reuni\u00f3n&nbsp;con la&nbsp;Direcci\u00f3n Ejecutiva&nbsp;del Partido Revolucionario Moderno (PRM), en la cual se acogi\u00f3 a&nbsp;unanimidad&nbsp;la&nbsp;propuesta&nbsp;de&nbsp;reforma&nbsp;constitucional del mandatario. La&nbsp;informaci\u00f3n&nbsp;fue ofrecida por el presidente del partido,&nbsp;Jos\u00e9 Ignacio Paliza, tras concluir dos reuniones, la primera con la&nbsp;Direcci\u00f3n Ejecutiva&nbsp;y la segunda con [&hellip;]<\/p>\n","protected":false},"author":1,"featured_media":121,"comment_status":"open","ping_status":"open","sticky":false,"template":"","format":"standard","meta":{"footnotes":""},"categories":[3],"tags":[],"class_list":["post-120","post","type-post","status-publish","format-standard","has-post-thumbnail","hentry","category-noticias"],"_links":{"self":[{"href":"https:\/\/atofuete.net\/index.php?rest_route=\/wp\/v2\/posts\/120","targetHints":{"allow":["GET"]}}],"collection":[{"href":"https:\/\/atofuete.net\/index.php?rest_route=\/wp\/v2\/posts"}],"about":[{"href":"https:\/\/atofuete.net\/index.php?rest_route=\/wp\/v2\/types\/post"}],"author":[{"embeddable":true,"href":"https:\/\/atofuete.net\/index.php?rest_route=\/wp\/v2\/users\/1"}],"replies":[{"embeddable":true,"href":"https:\/\/atofuete.net\/index.php?rest_route=%2Fwp%2Fv2%2Fcomments&post=120"}],"version-history":[{"count":1,"href":"https:\/\/atofuete.net\/index.php?rest_route=\/wp\/v2\/posts\/120\/revisions"}],"predecessor-version":[{"id":122,"href":"https:\/\/atofuete.net\/index.php?rest_route=\/wp\/v2\/posts\/120\/revisions\/122"}],"wp:featuredmedia":[{"embeddable":true,"href":"https:\/\/atofuete.net\/index.php?rest_route=\/wp\/v2\/media\/121"}],"wp:attachment":[{"href":"https:\/\/atofuete.net\/index.php?rest_route=%2Fwp%2Fv2%2Fmedia&parent=120"}],"wp:term":[{"taxonomy":"category","embeddable":true,"href":"https:\/\/atofuete.net\/index.php?rest_route=%2Fwp%2Fv2%2Fcategories&post=120"},{"taxonomy":"post_tag","embeddable":true,"href":"https:\/\/atofuete.net\/index.php?rest_route=%2Fwp%2Fv2%2Ftags&post=120"}],"curies":[{"name":"wp","href":"https:\/\/api.w.org\/{rel}","templated":true}]}}