{"id":143,"date":"2024-08-24T20:03:51","date_gmt":"2024-08-25T00:03:51","guid":{"rendered":"https:\/\/atofuete.net\/?p=143"},"modified":"2024-08-24T20:03:51","modified_gmt":"2024-08-25T00:03:51","slug":"poder-ejecutivo-dispone-extradicion-de-dos-dominicanos-a-estados-unidos","status":"publish","type":"post","link":"https:\/\/atofuete.net\/?p=143","title":{"rendered":"Poder Ejecutivo dispone extradici\u00f3n de dos dominicanos a Estados Unidos"},"content":{"rendered":"\n<p>Conoce la extradici\u00f3n de dominicanos a Estados Unidos por delitos relacionados con armas y drogas<\/p>\n\n\n\n<p>El&nbsp;<strong>Poder Ejecutivo<\/strong>&nbsp;dispuso la entrega en&nbsp;<strong>extradici\u00f3n<\/strong>&nbsp;de los dominicanos Isa\u00edas Ulloa Peralta y Jos\u00e9 Heriberto Vinicio de Jes\u00fas hacia los Estados Unidos.<\/p>\n\n\n\n<p>Dichas disposiciones est\u00e1n contenidas en los&nbsp;<strong>decretos<\/strong>&nbsp;472-24 y 473-24 con fecha 23 de&nbsp;<strong>agosto<\/strong>&nbsp;de 2024.<\/p>\n\n\n\n<p>Mediante el&nbsp;<strong>decreto<\/strong>&nbsp;472-24, se dispone la entrega de Ulloa Peralta en&nbsp;<strong>extradici\u00f3n<\/strong>&nbsp;a Estados Unidos para que responda por los cargos que se imputan en el Tribunal de Primera Instancia del Estado Libre Asociado de Puerto Rico, parte municipal de Bayam\u00f3n, por venta y porte ilegal de&nbsp;<strong>armas de fuego<\/strong>.<\/p>\n\n\n\n<h2 class=\"wp-block-heading\">M\u00e1s<\/h2>\n\n\n\n<ul class=\"wp-block-list\">\n<li>Mientras, el\u00a0<strong>Decreto<\/strong>\u00a0473-24 dispone la\u00a0<strong>extradici\u00f3n<\/strong>\u00a0de Vinicio de Jes\u00fas para ser presentado en la Corte de los Estados Unidos para el Distrito de Arizona, para que responda a cargos vinculados con el tr\u00e1fico de\u00a0<strong>narc\u00f3ticos<\/strong>.<\/li>\n<\/ul>\n","protected":false},"excerpt":{"rendered":"<p>Conoce la extradici\u00f3n de dominicanos a Estados Unidos por delitos relacionados con armas y drogas El&nbsp;Poder Ejecutivo&nbsp;dispuso la entrega en&nbsp;extradici\u00f3n&nbsp;de los dominicanos Isa\u00edas Ulloa Peralta y Jos\u00e9 Heriberto Vinicio de Jes\u00fas hacia los Estados Unidos. Dichas disposiciones est\u00e1n contenidas en los&nbsp;decretos&nbsp;472-24 y 473-24 con fecha 23 de&nbsp;agosto&nbsp;de 2024. Mediante el&nbsp;decreto&nbsp;472-24, se dispone la entrega de [&hellip;]<\/p>\n","protected":false},"author":1,"featured_media":144,"comment_status":"open","ping_status":"open","sticky":false,"template":"","format":"standard","meta":{"footnotes":""},"categories":[3],"tags":[],"class_list":["post-143","post","type-post","status-publish","format-standard","has-post-thumbnail","hentry","category-noticias"],"_links":{"self":[{"href":"https:\/\/atofuete.net\/index.php?rest_route=\/wp\/v2\/posts\/143","targetHints":{"allow":["GET"]}}],"collection":[{"href":"https:\/\/atofuete.net\/index.php?rest_route=\/wp\/v2\/posts"}],"about":[{"href":"https:\/\/atofuete.net\/index.php?rest_route=\/wp\/v2\/types\/post"}],"author":[{"embeddable":true,"href":"https:\/\/atofuete.net\/index.php?rest_route=\/wp\/v2\/users\/1"}],"replies":[{"embeddable":true,"href":"https:\/\/atofuete.net\/index.php?rest_route=%2Fwp%2Fv2%2Fcomments&post=143"}],"version-history":[{"count":1,"href":"https:\/\/atofuete.net\/index.php?rest_route=\/wp\/v2\/posts\/143\/revisions"}],"predecessor-version":[{"id":145,"href":"https:\/\/atofuete.net\/index.php?rest_route=\/wp\/v2\/posts\/143\/revisions\/145"}],"wp:featuredmedia":[{"embeddable":true,"href":"https:\/\/atofuete.net\/index.php?rest_route=\/wp\/v2\/media\/144"}],"wp:attachment":[{"href":"https:\/\/atofuete.net\/index.php?rest_route=%2Fwp%2Fv2%2Fmedia&parent=143"}],"wp:term":[{"taxonomy":"category","embeddable":true,"href":"https:\/\/atofuete.net\/index.php?rest_route=%2Fwp%2Fv2%2Fcategories&post=143"},{"taxonomy":"post_tag","embeddable":true,"href":"https:\/\/atofuete.net\/index.php?rest_route=%2Fwp%2Fv2%2Ftags&post=143"}],"curies":[{"name":"wp","href":"https:\/\/api.w.org\/{rel}","templated":true}]}}