{"id":170,"date":"2024-08-28T15:54:18","date_gmt":"2024-08-28T19:54:18","guid":{"rendered":"https:\/\/atofuete.net\/?p=170"},"modified":"2024-08-28T16:03:03","modified_gmt":"2024-08-28T20:03:03","slug":"miguel-valerio-quien-se-oponga-a-la-reduccion-de-los-diputados-tiene-que-revisarse","status":"publish","type":"post","link":"https:\/\/atofuete.net\/?p=170","title":{"rendered":"MIGUEL VALERIO: QUIEN SE OPONGA A LA REDUCCI\u00d3N DE LOS DIPUTADOS TIENE QUE REVISARSE"},"content":{"rendered":"\n<p>Santo Domingo.- El jurista Miguel Valerio expres\u00f3 que quienes se oponen a la propuesta de reducir el n\u00famero de diputados en la reforma constitucional deber\u00edan reconsiderar su posici\u00f3n, se\u00f1alando que la Rep\u00fablica Dominicana es un pa\u00eds pobre y con recursos muy limitados.<\/p>\n\n\n\n<p>\u201cEsto es un parlamento muy costoso y demasiado grande. Quien no est\u00e9 a favor de esa reforma evidentemente tiene que revisarse\u201d, expres\u00f3.<\/p>\n\n\n\n<p>Explic\u00f3 que la reducci\u00f3n del n\u00famero de diputados permitir\u00e1 una representaci\u00f3n m\u00e1s acorde con el tama\u00f1o de cada provincia. En su declaraci\u00f3n, Valerio se\u00f1al\u00f3 que parlamentos de otros pa\u00edses, con poblaciones mucho mayores que la Rep\u00fablica Dominicana, son significativamente m\u00e1s peque\u00f1os.<\/p>\n\n\n\n<p>Cit\u00f3 el caso de Espa\u00f1a, que tiene un parlamento de 380 diputados para una poblaci\u00f3n de m\u00e1s de 45 millones de habitantes. Sostuvo que, en comparaci\u00f3n, la Rep\u00fablica Dominicana, con menos de 12 millones de habitantes, cuenta con una C\u00e1mara de Diputados de 190 representantes.<\/p>\n\n\n\n<p>Acorde al jurista, esta discrepancia resalta la necesidad de ajustar nuestro sistema para lograr una representaci\u00f3n legislativa m\u00e1s equilibrada y eficiente.<\/p>\n\n\n\n<figure class=\"wp-block-video\"><video controls src=\"https:\/\/atofuete.net\/wp-content\/uploads\/2024\/08\/WhatsApp-Video-2024-08-28-at-10.09.28-AM.mp4\"><\/video><\/figure>\n\n\n\n<p>\u201cLos diputados aqu\u00ed tienen que disminuirse porque son demasiado. Incluso dir\u00eda m\u00e1s, hasta el tema senatorial en alg\u00fan momento podr\u00eda desaparecer\u201d, plante\u00f3.<\/p>\n\n\n\n<p>En el marco de la discusi\u00f3n sobre la reforma constitucional para la reducci\u00f3n del n\u00famero de diputados en la Rep\u00fablica Dominicana, el jurista subray\u00f3 la importancia econ\u00f3mica de esta medida. Valerio plante\u00f3 que una reducci\u00f3n en el tama\u00f1o del parlamento no solo contribuir\u00e1 a una representaci\u00f3n m\u00e1s equitativa, sino que tambi\u00e9n generar\u00e1 significativos ahorros financieros.<\/p>\n\n\n\n<p>En sus propias palabras, Valerio destac\u00f3: \u201ceso es un ahorro importante, este es un pa\u00eds pobre y ese es un parlamento muy caro y nosotros tambi\u00e9n ah\u00ed coincidimos con el Presidente de que es la forma adecuada\u201d.<\/p>\n\n\n\n<p>Respecto a la unificaci\u00f3n de las elecciones, el jurista expres\u00f3: \u201cNo hace sentido hacer unas elecciones en febrero y unas elecciones en mayo. Ni siquiera tiene un sentido l\u00f3gico. O se dividen como estaban antes con dos a\u00f1os de separaci\u00f3n o definitivamente se unifican\u201d.<\/p>\n\n\n\n<p>Valerio tambi\u00e9n extern\u00f3 su apoyo con la exclusi\u00f3n del procurador general de la Rep\u00fablica del Consejo Nacional de la Magistratura. Afirm\u00f3 que \u201cnunca debi\u00f3 estar. De hecho, criticamos en el 2010 cuando ingresaron a un representante del Ministerio P\u00fablico en Consejo Nacional de la Magistratura. No son funciones propias de \u00e9l, es una persona dependiente del Poder Ejecutivo. Y adicionalmente, \u00e9l es que somete acciones a los jueces, entonces cuando un procurador elige a sus jueces, eso es un problema, entonces ah\u00ed estamos totalmente de acuerdo con el Presidente\u201d.<\/p>\n\n\n\n<p>El jurista se refiri\u00f3, adem\u00e1s, a otro de los puntos abordados por el presidente Luis Abinader: la protecci\u00f3n de la Constituci\u00f3n para prohibir definitivamente la reelecci\u00f3n presidencial. Valerio destac\u00f3 que esta medida cumple con una promesa hecha durante la campa\u00f1a electoral de Abinader, quien se comprometi\u00f3 a \u201cponer un candado\u201d a la Constituci\u00f3n para evitar modificaciones relacionadas con la reelecci\u00f3n presidencial.<\/p>\n\n\n\n<p>Refiri\u00f3 que Abinader tambi\u00e9n habl\u00f3 de un Ministerio P\u00fablico independiente en las campa\u00f1as de 2016 y de 2020 y esta iniciativa de reforma constitucional que present\u00f3 va en consonancia con esa promesa.<\/p>\n\n\n\n<p>Consider\u00f3 que el esfuerzo del Presidente de la Rep\u00fablica para evitar futuras reformas constitucionales relacionadas con la reelecci\u00f3n presidencial es loable. Expres\u00f3 que la idea de limitar la reelecci\u00f3n a un solo per\u00edodo adicional es un principio ideol\u00f3gico valioso. Sin embargo, a\u00f1adi\u00f3 que no est\u00e1 completamente de acuerdo con la inclusi\u00f3n de una cl\u00e1usula p\u00e9trea o que no pueda ser reformada posteriormente, ya que esto podr\u00eda generar problemas futuros.<\/p>\n\n\n\n<p>Aunque reconoci\u00f3 las buenas intenciones de Abinader al querer asegurar que la Constituci\u00f3n no se modifique nuevamente para una reelecci\u00f3n presidencial, Valerio manifest\u00f3 sus reservas sobre la incorporaci\u00f3n de esta disposici\u00f3n de manera \u201cpetrificada\u201d. Explic\u00f3 que \u201chay que tener mucho cuidado al manejar el tema de petrificar en la Constituci\u00f3n algo que luego podr\u00eda resultar dif\u00edcil de modificar\u201d.<\/p>\n\n\n\n<p>En cuanto a la independencia del Ministerio P\u00fablico, expres\u00f3 que difiere de la propuesta del primer mandatario. Aclar\u00f3 que, aunque est\u00e1 de acuerdo en que el Ministerio P\u00fablico deje de formar parte del Consejo Nacional de la Magistratura, considera que no es l\u00f3gico que los jueces elijan al Ministerio P\u00fablico.<\/p>\n\n\n\n<p>A su consideraci\u00f3n es el Presidente de la Rep\u00fablica quien tiene que designar al Ministerio P\u00fablico en su mandato constitucional.<\/p>\n","protected":false},"excerpt":{"rendered":"<p>Santo Domingo.- El jurista Miguel Valerio expres\u00f3 que quienes se oponen a la propuesta de reducir el n\u00famero de diputados en la reforma constitucional deber\u00edan reconsiderar su posici\u00f3n, se\u00f1alando que la Rep\u00fablica Dominicana es un pa\u00eds pobre y con recursos muy limitados. \u201cEsto es un parlamento muy costoso y demasiado grande. Quien no est\u00e9 a [&hellip;]<\/p>\n","protected":false},"author":1,"featured_media":172,"comment_status":"open","ping_status":"open","sticky":false,"template":"","format":"standard","meta":{"footnotes":""},"categories":[1],"tags":[],"class_list":["post-170","post","type-post","status-publish","format-standard","has-post-thumbnail","hentry","category-blog"],"_links":{"self":[{"href":"https:\/\/atofuete.net\/index.php?rest_route=\/wp\/v2\/posts\/170","targetHints":{"allow":["GET"]}}],"collection":[{"href":"https:\/\/atofuete.net\/index.php?rest_route=\/wp\/v2\/posts"}],"about":[{"href":"https:\/\/atofuete.net\/index.php?rest_route=\/wp\/v2\/types\/post"}],"author":[{"embeddable":true,"href":"https:\/\/atofuete.net\/index.php?rest_route=\/wp\/v2\/users\/1"}],"replies":[{"embeddable":true,"href":"https:\/\/atofuete.net\/index.php?rest_route=%2Fwp%2Fv2%2Fcomments&post=170"}],"version-history":[{"count":2,"href":"https:\/\/atofuete.net\/index.php?rest_route=\/wp\/v2\/posts\/170\/revisions"}],"predecessor-version":[{"id":174,"href":"https:\/\/atofuete.net\/index.php?rest_route=\/wp\/v2\/posts\/170\/revisions\/174"}],"wp:featuredmedia":[{"embeddable":true,"href":"https:\/\/atofuete.net\/index.php?rest_route=\/wp\/v2\/media\/172"}],"wp:attachment":[{"href":"https:\/\/atofuete.net\/index.php?rest_route=%2Fwp%2Fv2%2Fmedia&parent=170"}],"wp:term":[{"taxonomy":"category","embeddable":true,"href":"https:\/\/atofuete.net\/index.php?rest_route=%2Fwp%2Fv2%2Fcategories&post=170"},{"taxonomy":"post_tag","embeddable":true,"href":"https:\/\/atofuete.net\/index.php?rest_route=%2Fwp%2Fv2%2Ftags&post=170"}],"curies":[{"name":"wp","href":"https:\/\/api.w.org\/{rel}","templated":true}]}}