{"id":199,"date":"2024-09-05T21:31:02","date_gmt":"2024-09-06T01:31:02","guid":{"rendered":"https:\/\/atofuete.net\/?p=199"},"modified":"2024-09-05T21:31:02","modified_gmt":"2024-09-06T01:31:02","slug":"lo-que-es-hoy-republica-dominicana-fue-el-hogar-de-los-samaneses-los-primeros-humanos-que-poblaron-las-antillas-hace-casi-5500-anos","status":"publish","type":"post","link":"https:\/\/atofuete.net\/?p=199","title":{"rendered":"Lo que es hoy Rep\u00fablica Dominicana fue el hogar de los samaneses, los primeros humanos que poblaron las Antillas hace casi 5,500 a\u00f1os"},"content":{"rendered":"\n<p>El equipo, encabezado por el arque\u00f3logo Adolfo L\u00f3pez, dur\u00f3 dos a\u00f1os para encontrar este hallazgo, sin embargo, la fase de excavaci\u00f3n donde fue encontrada esta poblaci\u00f3n forma parte de un proyecto integral sobre los primeros pobladores de las Antillas y sus rutas migratorias, que llevan trabajando los expertos por m\u00e1s de seis a\u00f1os con el apoyo de Guahayona Institute y la colaboraci\u00f3n de la Fundaci\u00f3n Garc\u00eda Ar\u00e9valo, la Academia de Ciencias, el Museo del Hombre Dominicano y el Viceministerio de \u00c1reas Protegidas y Biodiversidad<\/p>\n\n\n\n<p>El hallazgo arqueol\u00f3gico que se conoci\u00f3 en agosto de 2022, en el Monumento Natural Cabo, en la zona oriental de la pen\u00ednsula de Saman\u00e1, ha resultado ser mucho m\u00e1s significativo de lo que se anticipaba. Con una gran parte de las pruebas concluidas, los materiales arqueol\u00f3gicos levantados han proporcionado evidencia contundente:&nbsp;<em>lo que es hoy<\/em>&nbsp;<em>Rep\u00fablica Dominicana fue hogar de los primeros seres humanos que poblaron las Antillas hace casi 5,500 a\u00f1os,<\/em>&nbsp;rebatiendo la creencia previa que ten\u00edan los expertos de que solo eran unos 3,000 a\u00f1os.<\/p>\n\n\n\n<p>La migraci\u00f3n de arcaicos fue denominada&nbsp;<strong>\u201csamaneses\u201d<\/strong>&nbsp;(en honor al lugar del hallazgo, la provincia de Saman\u00e1) de tradici\u00f3n casimiroide o mordanoides.<\/p>\n\n\n\n<blockquote class=\"wp-block-quote is-layout-flow wp-block-quote-is-layout-flow\">\n<h2 class=\"wp-block-heading\">\u201cAl principio cuando empezamos a excavar que fue cuando hablamos con vosotros antes de hacer las pruebas de carbono 14, hab\u00edamos estimado una antig\u00fcedad ya muy avanzada de m\u00e1s de 3,000 a\u00f1os y para sorpresa nuestra despu\u00e9s de los an\u00e1lisis de carbono 14, que hemos hecho como m\u00e1s de 20 pruebas, los resultados han sido impresionantes porque nos han dado una poblaci\u00f3n de hace 5,500 a\u00f1os\u201d.<\/h2>\n<\/blockquote>\n\n\n\n<p>Esta poblaci\u00f3n fue localizada en las excavaciones arqueol\u00f3gicas del<strong>&nbsp;\u201cAbrigo de Daniel\u201d<\/strong>, un lugar que fungi\u00f3 como habitaci\u00f3n y que posteriormente, motivados por la presencia de una enorme roca con forma de cabeza de iguana o de tortuga, seg\u00fan explica L\u00f3pez, lo utilizaron como \u00e1rea ritual que se convirti\u00f3 m\u00e1s tarde en un cementerio, que&nbsp;<em>\u201ces el m\u00e1s antiguo que se ha encontrado en las Antillas y est\u00e1 en Rep\u00fablica Dominicana\u201d.<\/em><\/p>\n\n\n\n<p>\u201cUno de los primeros sitios donde llegaron fue precisamente a Saman\u00e1. Eso de que viv\u00edan en cuevas nos hemos dado cuenta que no es cierto, o sea, las cuevas las pod\u00edan utilizar, pero no como su vivienda habitual. Ellos utilizaban estos abrigos de los grandes farallones para proteger las viviendas que constru\u00edan. En el Abrigo de Dana, encontramos una caba\u00f1a que tiene siete metros de largo por casi 4.80 de ancho y hemos encontrado al menos cuatro pisos de uso, uno encima del otro y que luego pasar\u00eda a ser un cementerio\u201d, detalla L\u00f3pez.<\/p>\n\n\n\n<figure class=\"wp-block-image\" id=\"m22778-22777-22779\"><img decoding=\"async\" src=\"https:\/\/listindiario.com\/files\/vertical_main_image\/uploads\/2024\/09\/04\/66d8883c47c43.jpeg\" alt=\"Fotograf\u00eda muestra \u00e1rea de excavaci\u00f3n en el Abrigo de Daniel.\"\/><\/figure>\n\n\n\n<p><a href=\"https:\/\/listindiario.com\/la-republica\/20240905\/republica-dominicana-hogar-samaneces-primeros-humanos-poblaron-antillas-5-500-anos_824185.html\">Leer Mas.<\/a><\/p>\n","protected":false},"excerpt":{"rendered":"<p>El equipo, encabezado por el arque\u00f3logo Adolfo L\u00f3pez, dur\u00f3 dos a\u00f1os para encontrar este hallazgo, sin embargo, la fase de excavaci\u00f3n donde fue encontrada esta poblaci\u00f3n forma parte de un proyecto integral sobre los primeros pobladores de las Antillas y sus rutas migratorias, que llevan trabajando los expertos por m\u00e1s de seis a\u00f1os con el [&hellip;]<\/p>\n","protected":false},"author":1,"featured_media":200,"comment_status":"open","ping_status":"open","sticky":false,"template":"","format":"standard","meta":{"footnotes":""},"categories":[1],"tags":[],"class_list":["post-199","post","type-post","status-publish","format-standard","has-post-thumbnail","hentry","category-blog"],"_links":{"self":[{"href":"https:\/\/atofuete.net\/index.php?rest_route=\/wp\/v2\/posts\/199","targetHints":{"allow":["GET"]}}],"collection":[{"href":"https:\/\/atofuete.net\/index.php?rest_route=\/wp\/v2\/posts"}],"about":[{"href":"https:\/\/atofuete.net\/index.php?rest_route=\/wp\/v2\/types\/post"}],"author":[{"embeddable":true,"href":"https:\/\/atofuete.net\/index.php?rest_route=\/wp\/v2\/users\/1"}],"replies":[{"embeddable":true,"href":"https:\/\/atofuete.net\/index.php?rest_route=%2Fwp%2Fv2%2Fcomments&post=199"}],"version-history":[{"count":1,"href":"https:\/\/atofuete.net\/index.php?rest_route=\/wp\/v2\/posts\/199\/revisions"}],"predecessor-version":[{"id":201,"href":"https:\/\/atofuete.net\/index.php?rest_route=\/wp\/v2\/posts\/199\/revisions\/201"}],"wp:featuredmedia":[{"embeddable":true,"href":"https:\/\/atofuete.net\/index.php?rest_route=\/wp\/v2\/media\/200"}],"wp:attachment":[{"href":"https:\/\/atofuete.net\/index.php?rest_route=%2Fwp%2Fv2%2Fmedia&parent=199"}],"wp:term":[{"taxonomy":"category","embeddable":true,"href":"https:\/\/atofuete.net\/index.php?rest_route=%2Fwp%2Fv2%2Fcategories&post=199"},{"taxonomy":"post_tag","embeddable":true,"href":"https:\/\/atofuete.net\/index.php?rest_route=%2Fwp%2Fv2%2Ftags&post=199"}],"curies":[{"name":"wp","href":"https:\/\/api.w.org\/{rel}","templated":true}]}}