{"id":213,"date":"2024-09-06T13:04:17","date_gmt":"2024-09-06T17:04:17","guid":{"rendered":"https:\/\/atofuete.net\/?p=213"},"modified":"2024-09-06T13:04:17","modified_gmt":"2024-09-06T17:04:17","slug":"festival-de-venecia-premia-sugar-island-por-su-mensaje-social","status":"publish","type":"post","link":"https:\/\/atofuete.net\/?p=213","title":{"rendered":"Festival de Venecia premia Sugar Island por su mensaje social"},"content":{"rendered":"\n<p>La pel\u00edcula dominicana&nbsp;<strong><em>Sugar Island<\/em><\/strong>, dirigida por&nbsp;<strong>Johann\u00e9 G\u00f3mez Terrero<\/strong>, ha sido galardonada en el prestigioso&nbsp;<strong>Festival de Venecia<\/strong>&nbsp;gracias a su poderoso enfoque en temas laborales y medioambientales. La cinta recibi\u00f3 este viernes una menci\u00f3n de honor de la Fundaci\u00f3n FAI \u201cPersona, Lavoro Ambiente\u201d, en el marco de la quinta edici\u00f3n del premio impulsado por el sindicato CISL \u201cStudi e Ricerche Foundation\u201d.<\/p>\n\n\n\n<p><strong><em>Sugar Island<\/em><\/strong>&nbsp;se ha destacado en&nbsp;<strong>las Jornadas de los Autores<\/strong>, una secci\u00f3n paralela del Festival de Venecia, donde ha competido con otras obras que abordan cuestiones sociales y ecol\u00f3gicas. El reconocimiento otorgado destaca el tratamiento de problem\u00e1ticas laborales y medioambientales que la directora presenta con gran sensibilidad.<\/p>\n\n\n\n<figure class=\"wp-block-embed aligncenter is-type-video is-provider-youtube wp-block-embed-youtube wp-embed-aspect-16-9 wp-has-aspect-ratio\"><div class=\"wp-block-embed__wrapper\">\n<iframe loading=\"lazy\" title=\"Sugar Island - Tra\u0301iler ( Cine Dominicano )\" width=\"640\" height=\"360\" src=\"https:\/\/www.youtube.com\/embed\/onYCeaMiOXM?feature=oembed\" frameborder=\"0\" allow=\"accelerometer; autoplay; clipboard-write; encrypted-media; gyroscope; picture-in-picture; web-share\" referrerpolicy=\"strict-origin-when-cross-origin\" allowfullscreen><\/iframe>\n<\/div><\/figure>\n\n\n\n<p>La pel\u00edcula es una coproducci\u00f3n entre&nbsp;<strong>Espa\u00f1a y Rep\u00fablica Dominicana<\/strong>&nbsp;y se adentra en la vida de&nbsp;<strong>Makenya<\/strong>(interpretada por Yelid\u00e1 D\u00edaz), una joven que habita en una aldea rodeada de plantaciones de ca\u00f1a de az\u00facar. Su vida cambia dr\u00e1sticamente tras un embarazo no planificado, lo que la lleva a enfrentar la dura realidad del trabajo y las expectativas familiares en un entorno que lucha contra la&nbsp;<strong>automatizaci\u00f3n del sector azucarero<\/strong>.<\/p>\n\n\n\n<p>La historia de&nbsp;<strong>Makenya<\/strong>&nbsp;transcurre en paralelo a las crecientes protestas de los trabajadores de los ca\u00f1averales, quienes temen perder sus empleos debido a la modernizaci\u00f3n de las plantaciones. Este conflicto social se desarrolla en un ambiente que fusiona lo terrenal con lo espiritual, ya que los personajes son guiados por los&nbsp;<strong>Misterios<\/strong>, esp\u00edritus protectores que a\u00f1aden una dimensi\u00f3n sobrenatural a la trama.<\/p>\n\n\n\n<p>Con una narrativa envolvente,&nbsp;<strong><em>Sugar Island<\/em><\/strong>&nbsp;no solo ofrece una reflexi\u00f3n sobre el&nbsp;<strong>impacto del colonialismo<\/strong>&nbsp;y la explotaci\u00f3n laboral, sino que tambi\u00e9n honra las ra\u00edces culturales y la tradici\u00f3n afrocaribe\u00f1a de la isla.<\/p>\n\n\n\n<p><strong>Giornate degli Autori<\/strong>&nbsp;es una secci\u00f3n independiente del&nbsp;<strong>Festival de Venecia<\/strong>, fundada en 2004 con el objetivo de destacar pel\u00edculas de calidad, sin restricciones y con un enfoque en la innovaci\u00f3n, experimentaci\u00f3n y originalidad, tanto en concepto como en producci\u00f3n. Promovida por las asociaciones de cineastas y guionistas&nbsp;<strong>ANAC<\/strong>&nbsp;y&nbsp;<strong>100autori<\/strong>, est\u00e1 dirigida por&nbsp;<strong>Gaia Furrer<\/strong>&nbsp;y presidida por&nbsp;<strong>Andrea Purgatori<\/strong>. Inspirada en la&nbsp;<strong>Quincena de Realizadores de Cannes<\/strong>, Giornate degli Autori funciona como un \u201cfestival dentro del festival\u201d, brindando al p\u00fablico, la cr\u00edtica y la industria la oportunidad de descubrir nuevas propuestas cinematogr\u00e1ficas.<\/p>\n","protected":false},"excerpt":{"rendered":"<p>La pel\u00edcula dominicana&nbsp;Sugar Island, dirigida por&nbsp;Johann\u00e9 G\u00f3mez Terrero, ha sido galardonada en el prestigioso&nbsp;Festival de Venecia&nbsp;gracias a su poderoso enfoque en temas laborales y medioambientales. La cinta recibi\u00f3 este viernes una menci\u00f3n de honor de la Fundaci\u00f3n FAI \u201cPersona, Lavoro Ambiente\u201d, en el marco de la quinta edici\u00f3n del premio impulsado por el sindicato CISL [&hellip;]<\/p>\n","protected":false},"author":1,"featured_media":214,"comment_status":"open","ping_status":"open","sticky":false,"template":"","format":"standard","meta":{"footnotes":""},"categories":[1],"tags":[],"class_list":["post-213","post","type-post","status-publish","format-standard","has-post-thumbnail","hentry","category-blog"],"_links":{"self":[{"href":"https:\/\/atofuete.net\/index.php?rest_route=\/wp\/v2\/posts\/213","targetHints":{"allow":["GET"]}}],"collection":[{"href":"https:\/\/atofuete.net\/index.php?rest_route=\/wp\/v2\/posts"}],"about":[{"href":"https:\/\/atofuete.net\/index.php?rest_route=\/wp\/v2\/types\/post"}],"author":[{"embeddable":true,"href":"https:\/\/atofuete.net\/index.php?rest_route=\/wp\/v2\/users\/1"}],"replies":[{"embeddable":true,"href":"https:\/\/atofuete.net\/index.php?rest_route=%2Fwp%2Fv2%2Fcomments&post=213"}],"version-history":[{"count":1,"href":"https:\/\/atofuete.net\/index.php?rest_route=\/wp\/v2\/posts\/213\/revisions"}],"predecessor-version":[{"id":215,"href":"https:\/\/atofuete.net\/index.php?rest_route=\/wp\/v2\/posts\/213\/revisions\/215"}],"wp:featuredmedia":[{"embeddable":true,"href":"https:\/\/atofuete.net\/index.php?rest_route=\/wp\/v2\/media\/214"}],"wp:attachment":[{"href":"https:\/\/atofuete.net\/index.php?rest_route=%2Fwp%2Fv2%2Fmedia&parent=213"}],"wp:term":[{"taxonomy":"category","embeddable":true,"href":"https:\/\/atofuete.net\/index.php?rest_route=%2Fwp%2Fv2%2Fcategories&post=213"},{"taxonomy":"post_tag","embeddable":true,"href":"https:\/\/atofuete.net\/index.php?rest_route=%2Fwp%2Fv2%2Ftags&post=213"}],"curies":[{"name":"wp","href":"https:\/\/api.w.org\/{rel}","templated":true}]}}