{"id":219,"date":"2024-09-06T13:16:22","date_gmt":"2024-09-06T17:16:22","guid":{"rendered":"https:\/\/atofuete.net\/?p=219"},"modified":"2024-09-06T13:16:22","modified_gmt":"2024-09-06T17:16:22","slug":"ayuntamiento-de-puerto-plata-reconocera-a-al-horford-por-logros-en-la-nba","status":"publish","type":"post","link":"https:\/\/atofuete.net\/?p=219","title":{"rendered":"Ayuntamiento de Puerto Plata reconocer\u00e1 a Al Horford por logros en la NBA"},"content":{"rendered":"\n<p>Al\u00a0Horford es nativo de Puerto Plata de donde es oriunda su madre.<\/p>\n\n\n\n<p>El Concejo de Regidores de Puerto Plata aprob\u00f3 en su sesi\u00f3n del jueves a unanimidad otorgar su m\u00e1ximo reconocimiento \u00abLa llave de la Ciudad\u00bb, al destacado jugador de la NBA&nbsp;<strong>Al Horford<\/strong>.<\/p>\n\n\n\n<p>La propuesta fue presentada por el presidente del Concejo, Jerem\u00edas Ure\u00f1a, en la sesi\u00f3n ordinaria del jueves 5 de septiembre recibiendo el respaldo de todas las bancadas.<\/p>\n\n\n\n<p>Esta distinci\u00f3n reconoce su notable logro y su contribuci\u00f3n al deporte a nivel internacional, destacando su m\u00e1s reciente logro al alcanzar, con su equipo Boston Celtics, el&nbsp;<strong>campeonato de la NBA<\/strong>.<\/p>\n\n\n\n<p>La resoluci\u00f3n solicita adem\u00e1s la<strong>&nbsp;creaci\u00f3n de un mural<\/strong>, en un punto estrat\u00e9gico de la ciudad, para celebrar y destacar la figura de Horford, permitiendo que turistas nacionales e internacionales aprecien esta representaci\u00f3n gr\u00e1fica del icono deportivo.<\/p>\n\n\n\n<p>Horford es nativo de Puerto Plata de donde es oriunda su madre,&nbsp;Arelis Reynoso.&nbsp;<\/p>\n\n\n\n<p>La votaci\u00f3n un\u00e1nime se llev\u00f3 a cabo en el sal\u00f3n de sesiones Rafael Balbuena Faringthon, con la presencia del alcalde Roquelito Garc\u00eda, y de los 13 regidores: Emanuel Brito, Frank Melo, Yesenia Reynoso, Jon\u00e1s Fern\u00e1ndez, Roque de Le\u00f3n, Edgar Pichardo, Alfred Cid, Amadito Quiroz, Romerson Cid, Danny Garc\u00eda, Edgar Pichardo y Anahilda Carrasco.<\/p>\n\n\n\n<p><\/p>\n","protected":false},"excerpt":{"rendered":"<p>Al\u00a0Horford es nativo de Puerto Plata de donde es oriunda su madre. El Concejo de Regidores de Puerto Plata aprob\u00f3 en su sesi\u00f3n del jueves a unanimidad otorgar su m\u00e1ximo reconocimiento \u00abLa llave de la Ciudad\u00bb, al destacado jugador de la NBA&nbsp;Al Horford. La propuesta fue presentada por el presidente del Concejo, Jerem\u00edas Ure\u00f1a, en [&hellip;]<\/p>\n","protected":false},"author":1,"featured_media":220,"comment_status":"open","ping_status":"open","sticky":false,"template":"","format":"standard","meta":{"footnotes":""},"categories":[1],"tags":[],"class_list":["post-219","post","type-post","status-publish","format-standard","has-post-thumbnail","hentry","category-blog"],"_links":{"self":[{"href":"https:\/\/atofuete.net\/index.php?rest_route=\/wp\/v2\/posts\/219","targetHints":{"allow":["GET"]}}],"collection":[{"href":"https:\/\/atofuete.net\/index.php?rest_route=\/wp\/v2\/posts"}],"about":[{"href":"https:\/\/atofuete.net\/index.php?rest_route=\/wp\/v2\/types\/post"}],"author":[{"embeddable":true,"href":"https:\/\/atofuete.net\/index.php?rest_route=\/wp\/v2\/users\/1"}],"replies":[{"embeddable":true,"href":"https:\/\/atofuete.net\/index.php?rest_route=%2Fwp%2Fv2%2Fcomments&post=219"}],"version-history":[{"count":1,"href":"https:\/\/atofuete.net\/index.php?rest_route=\/wp\/v2\/posts\/219\/revisions"}],"predecessor-version":[{"id":221,"href":"https:\/\/atofuete.net\/index.php?rest_route=\/wp\/v2\/posts\/219\/revisions\/221"}],"wp:featuredmedia":[{"embeddable":true,"href":"https:\/\/atofuete.net\/index.php?rest_route=\/wp\/v2\/media\/220"}],"wp:attachment":[{"href":"https:\/\/atofuete.net\/index.php?rest_route=%2Fwp%2Fv2%2Fmedia&parent=219"}],"wp:term":[{"taxonomy":"category","embeddable":true,"href":"https:\/\/atofuete.net\/index.php?rest_route=%2Fwp%2Fv2%2Fcategories&post=219"},{"taxonomy":"post_tag","embeddable":true,"href":"https:\/\/atofuete.net\/index.php?rest_route=%2Fwp%2Fv2%2Ftags&post=219"}],"curies":[{"name":"wp","href":"https:\/\/api.w.org\/{rel}","templated":true}]}}