{"id":258,"date":"2024-09-16T14:20:42","date_gmt":"2024-09-16T18:20:42","guid":{"rendered":"https:\/\/atofuete.net\/?p=258"},"modified":"2024-09-16T14:20:43","modified_gmt":"2024-09-16T18:20:43","slug":"diego-el-cigala-sera-juzgado-el-proximo-7-de-noviembre-por-supuesto-maltrato-contra-su-exesposa","status":"publish","type":"post","link":"https:\/\/atofuete.net\/?p=258","title":{"rendered":"Diego el Cigala ser\u00e1 juzgado el pr\u00f3ximo 7 de noviembre por supuesto maltrato contra su exesposa"},"content":{"rendered":"\n<p>El cantante espa\u00f1ol enfrenta proceso legal por maltrato<a href=\"https:\/\/www.diariolibre.com\/autor\/efe\/249\"><strong>EFE<\/strong><\/a><\/p>\n\n\n\n<p>El famoso cantaor&nbsp;<strong>espa\u00f1ol<\/strong>&nbsp;<strong>Diego<\/strong>&nbsp;el&nbsp;<strong>Cigala<\/strong>&nbsp;ser\u00e1&nbsp;<strong>juzgado<\/strong>&nbsp;el pr\u00f3ximo 7 de&nbsp;<strong>noviembre<\/strong>&nbsp;en&nbsp;<strong>Jerez de la Frontera<\/strong>&nbsp;(sur de Espa\u00f1a) por delitos de&nbsp;<strong>maltrato<\/strong>&nbsp;y vejaciones a su mujer, confirmaron fuentes jur\u00eddicas.<\/p>\n\n\n\n<p>El&nbsp;<strong>juzgado<\/strong>&nbsp;fij\u00f3 esta fecha, tras un aplazamiento, para el&nbsp;<strong>juicio<\/strong>&nbsp;por unos hechos por los que el cantaor fue detenido en un hotel de Madrid en junio de 2021, despu\u00e9s de que la que entonces era su pareja le denunciara.<\/p>\n\n\n\n<p>Tras pasar una noche en comisar\u00eda, el&nbsp;<strong>juez<\/strong>&nbsp;le dej\u00f3 en&nbsp;<strong>libertad<\/strong>&nbsp;a la espera de que el&nbsp;<strong>juzgado<\/strong>&nbsp;de Jerez, que inici\u00f3 el proceso por la denuncia, continuara con las pesquisas.<\/p>\n\n\n\n<figure class=\"wp-block-image size-large\"><img loading=\"lazy\" decoding=\"async\" width=\"1024\" height=\"683\" src=\"https:\/\/atofuete.net\/wp-content\/uploads\/2024\/09\/lauosglezfmlfbiwwwktt6cm7u-1024x683.jpg\" alt=\"\" class=\"wp-image-259\" srcset=\"https:\/\/atofuete.net\/wp-content\/uploads\/2024\/09\/lauosglezfmlfbiwwwktt6cm7u-1024x683.jpg 1024w, https:\/\/atofuete.net\/wp-content\/uploads\/2024\/09\/lauosglezfmlfbiwwwktt6cm7u-300x200.jpg 300w, https:\/\/atofuete.net\/wp-content\/uploads\/2024\/09\/lauosglezfmlfbiwwwktt6cm7u-768x512.jpg 768w, https:\/\/atofuete.net\/wp-content\/uploads\/2024\/09\/lauosglezfmlfbiwwwktt6cm7u.jpg 1080w\" sizes=\"auto, (max-width: 1024px) 100vw, 1024px\" \/><\/figure>\n\n\n\n<p>Fruto de ellas, el 30 de diciembre de 2020, la titular del&nbsp;<strong>juzgado<\/strong>&nbsp;de violencia contra la mujer dict\u00f3 el auto de procedimiento abreviado, con el que pon\u00eda fin a la&nbsp;<strong>investigaci\u00f3n<\/strong>&nbsp;y propon\u00eda que fuera&nbsp;<strong>juzgado<\/strong>.<\/p>\n\n\n\n<p>Finalmente el\u00a0<strong>juzgado<\/strong>\u00a0penal n\u00famero 3 de Jerez fij\u00f3 este\u00a0<strong><strong>juicio<\/strong><\/strong>\u00a0para el pr\u00f3ximo 7 de\u00a0<strong>noviembre<\/strong>.<\/p>\n","protected":false},"excerpt":{"rendered":"<p>El cantante espa\u00f1ol enfrenta proceso legal por maltratoEFE El famoso cantaor&nbsp;espa\u00f1ol&nbsp;Diego&nbsp;el&nbsp;Cigala&nbsp;ser\u00e1&nbsp;juzgado&nbsp;el pr\u00f3ximo 7 de&nbsp;noviembre&nbsp;en&nbsp;Jerez de la Frontera&nbsp;(sur de Espa\u00f1a) por delitos de&nbsp;maltrato&nbsp;y vejaciones a su mujer, confirmaron fuentes jur\u00eddicas. El&nbsp;juzgado&nbsp;fij\u00f3 esta fecha, tras un aplazamiento, para el&nbsp;juicio&nbsp;por unos hechos por los que el cantaor fue detenido en un hotel de Madrid en junio de 2021, [&hellip;]<\/p>\n","protected":false},"author":1,"featured_media":260,"comment_status":"open","ping_status":"open","sticky":false,"template":"","format":"standard","meta":{"footnotes":""},"categories":[3],"tags":[],"class_list":["post-258","post","type-post","status-publish","format-standard","has-post-thumbnail","hentry","category-noticias"],"_links":{"self":[{"href":"https:\/\/atofuete.net\/index.php?rest_route=\/wp\/v2\/posts\/258","targetHints":{"allow":["GET"]}}],"collection":[{"href":"https:\/\/atofuete.net\/index.php?rest_route=\/wp\/v2\/posts"}],"about":[{"href":"https:\/\/atofuete.net\/index.php?rest_route=\/wp\/v2\/types\/post"}],"author":[{"embeddable":true,"href":"https:\/\/atofuete.net\/index.php?rest_route=\/wp\/v2\/users\/1"}],"replies":[{"embeddable":true,"href":"https:\/\/atofuete.net\/index.php?rest_route=%2Fwp%2Fv2%2Fcomments&post=258"}],"version-history":[{"count":1,"href":"https:\/\/atofuete.net\/index.php?rest_route=\/wp\/v2\/posts\/258\/revisions"}],"predecessor-version":[{"id":261,"href":"https:\/\/atofuete.net\/index.php?rest_route=\/wp\/v2\/posts\/258\/revisions\/261"}],"wp:featuredmedia":[{"embeddable":true,"href":"https:\/\/atofuete.net\/index.php?rest_route=\/wp\/v2\/media\/260"}],"wp:attachment":[{"href":"https:\/\/atofuete.net\/index.php?rest_route=%2Fwp%2Fv2%2Fmedia&parent=258"}],"wp:term":[{"taxonomy":"category","embeddable":true,"href":"https:\/\/atofuete.net\/index.php?rest_route=%2Fwp%2Fv2%2Fcategories&post=258"},{"taxonomy":"post_tag","embeddable":true,"href":"https:\/\/atofuete.net\/index.php?rest_route=%2Fwp%2Fv2%2Ftags&post=258"}],"curies":[{"name":"wp","href":"https:\/\/api.w.org\/{rel}","templated":true}]}}