{"id":283,"date":"2024-09-19T20:59:31","date_gmt":"2024-09-20T00:59:31","guid":{"rendered":"https:\/\/atofuete.net\/?p=283"},"modified":"2024-09-19T21:04:15","modified_gmt":"2024-09-20T01:04:15","slug":"condenan-policia-a-15-anos-de-prision-por-muerte-del-nino-donally-martinez-en-carnaval-en-santiago","status":"publish","type":"post","link":"https:\/\/atofuete.net\/?p=283","title":{"rendered":"Condenan polic\u00eda a 15 a\u00f1os de prisi\u00f3n por muerte del ni\u00f1o Donally Mart\u00ednez en carnaval en Santiago"},"content":{"rendered":"\n<p>El tribunal dispuso que la Polic\u00eda Nacional pague una indemnizaci\u00f3n econ\u00f3mica a la familia de la v\u00edctima<\/p>\n\n\n\n<p>Los&nbsp;<strong>jueces<\/strong>&nbsp;que integran el&nbsp;<strong>Primer<\/strong>&nbsp;Tribunal Colegiado del distrito judicial de Santiago condenaron la noche de este jueves a 15 a\u00f1os de prisi\u00f3n a un&nbsp;<strong>agente<\/strong>&nbsp;de la&nbsp;<strong>Polic\u00eda<\/strong>&nbsp;<strong>Nacional<\/strong>&nbsp;por la&nbsp;<strong>muerte<\/strong>&nbsp;de un&nbsp;<strong>ni\u00f1o<\/strong>&nbsp;a causa de heridas de bala, durante la celebraci\u00f3n del<strong>&nbsp;carnaval&nbsp;<\/strong>en esta ciudad en febrero del 2023.<\/p>\n\n\n\n<p>El cabo de la&nbsp;<strong>instituci\u00f3n<\/strong>&nbsp;del&nbsp;<strong>orden<\/strong>&nbsp;<strong>Alejandro Castro Cruz<\/strong>&nbsp;(Cocotico), de 30 a\u00f1os, fue hallado culpable de cometer el il\u00edcito penal de<strong>&nbsp;homicidio voluntario.<\/strong><\/p>\n\n\n\n<figure class=\"wp-block-embed is-type-video is-provider-youtube wp-block-embed-youtube wp-embed-aspect-16-9 wp-has-aspect-ratio\"><div class=\"wp-block-embed__wrapper\">\n<iframe loading=\"lazy\" title=\"Miembro de la Polic\u00eda dispara y le quita la vida al ni\u00f1o Donelly Martinez (Justicia)\" width=\"640\" height=\"360\" src=\"https:\/\/www.youtube.com\/embed\/tFhuL93dSgw?feature=oembed\" frameborder=\"0\" allow=\"accelerometer; autoplay; clipboard-write; encrypted-media; gyroscope; picture-in-picture; web-share\" referrerpolicy=\"strict-origin-when-cross-origin\" allowfullscreen><\/iframe>\n<\/div><\/figure>\n\n\n\n<p>Video: <a href=\"https:\/\/noticiassin.com\" data-type=\"link\" data-id=\"https:\/\/noticiassin.com\">Noticias SIN<\/a><\/p>\n\n\n\n<p>El alistado fue condenado por la&nbsp;<strong>muerte<\/strong>&nbsp;del&nbsp;<strong>ni\u00f1o<\/strong>&nbsp;<strong>Donally Mart\u00ednez<\/strong>, de 9 a\u00f1os.<\/p>\n\n\n\n<figure class=\"wp-block-image size-large\"><img loading=\"lazy\" decoding=\"async\" width=\"1024\" height=\"678\" src=\"https:\/\/atofuete.net\/wp-content\/uploads\/2024\/09\/donally-martinez-1024x678.jpeg\" alt=\"\" class=\"wp-image-284\" srcset=\"https:\/\/atofuete.net\/wp-content\/uploads\/2024\/09\/donally-martinez-1024x678.jpeg 1024w, https:\/\/atofuete.net\/wp-content\/uploads\/2024\/09\/donally-martinez-300x199.jpeg 300w, https:\/\/atofuete.net\/wp-content\/uploads\/2024\/09\/donally-martinez-768x508.jpeg 768w, https:\/\/atofuete.net\/wp-content\/uploads\/2024\/09\/donally-martinez-1536x1017.jpeg 1536w, https:\/\/atofuete.net\/wp-content\/uploads\/2024\/09\/donally-martinez.jpeg 1600w\" sizes=\"auto, (max-width: 1024px) 100vw, 1024px\" \/><\/figure>\n\n\n\n<p>El&nbsp;<strong>tribunal<\/strong>, conformado por los&nbsp;<strong>jueces<\/strong>&nbsp;Carlos Col\u00f3n, Claribel Mateo y Gladys de los Santos, tambi\u00e9n dispuso que la&nbsp;<strong>Polic\u00eda<\/strong>&nbsp;<strong>Nacional<\/strong>&nbsp;pague una&nbsp;<strong>indemnizaci\u00f3n<\/strong>&nbsp;econ\u00f3mica de cinco millones de pesos a la familia del menor de edad, tras determinar que se trat\u00f3 de una mala actuaci\u00f3n policial.<\/p>\n","protected":false},"excerpt":{"rendered":"<p>El tribunal dispuso que la Polic\u00eda Nacional pague una indemnizaci\u00f3n econ\u00f3mica a la familia de la v\u00edctima Los&nbsp;jueces&nbsp;que integran el&nbsp;Primer&nbsp;Tribunal Colegiado del distrito judicial de Santiago condenaron la noche de este jueves a 15 a\u00f1os de prisi\u00f3n a un&nbsp;agente&nbsp;de la&nbsp;Polic\u00eda&nbsp;Nacional&nbsp;por la&nbsp;muerte&nbsp;de un&nbsp;ni\u00f1o&nbsp;a causa de heridas de bala, durante la celebraci\u00f3n del&nbsp;carnaval&nbsp;en esta ciudad en febrero [&hellip;]<\/p>\n","protected":false},"author":1,"featured_media":285,"comment_status":"open","ping_status":"open","sticky":false,"template":"","format":"standard","meta":{"footnotes":""},"categories":[3],"tags":[],"class_list":["post-283","post","type-post","status-publish","format-standard","has-post-thumbnail","hentry","category-noticias"],"_links":{"self":[{"href":"https:\/\/atofuete.net\/index.php?rest_route=\/wp\/v2\/posts\/283","targetHints":{"allow":["GET"]}}],"collection":[{"href":"https:\/\/atofuete.net\/index.php?rest_route=\/wp\/v2\/posts"}],"about":[{"href":"https:\/\/atofuete.net\/index.php?rest_route=\/wp\/v2\/types\/post"}],"author":[{"embeddable":true,"href":"https:\/\/atofuete.net\/index.php?rest_route=\/wp\/v2\/users\/1"}],"replies":[{"embeddable":true,"href":"https:\/\/atofuete.net\/index.php?rest_route=%2Fwp%2Fv2%2Fcomments&post=283"}],"version-history":[{"count":2,"href":"https:\/\/atofuete.net\/index.php?rest_route=\/wp\/v2\/posts\/283\/revisions"}],"predecessor-version":[{"id":288,"href":"https:\/\/atofuete.net\/index.php?rest_route=\/wp\/v2\/posts\/283\/revisions\/288"}],"wp:featuredmedia":[{"embeddable":true,"href":"https:\/\/atofuete.net\/index.php?rest_route=\/wp\/v2\/media\/285"}],"wp:attachment":[{"href":"https:\/\/atofuete.net\/index.php?rest_route=%2Fwp%2Fv2%2Fmedia&parent=283"}],"wp:term":[{"taxonomy":"category","embeddable":true,"href":"https:\/\/atofuete.net\/index.php?rest_route=%2Fwp%2Fv2%2Fcategories&post=283"},{"taxonomy":"post_tag","embeddable":true,"href":"https:\/\/atofuete.net\/index.php?rest_route=%2Fwp%2Fv2%2Ftags&post=283"}],"curies":[{"name":"wp","href":"https:\/\/api.w.org\/{rel}","templated":true}]}}