{"id":29,"date":"2023-09-06T10:19:53","date_gmt":"2023-09-06T14:19:53","guid":{"rendered":"https:\/\/atofuete.net\/?p=29"},"modified":"2023-09-06T10:19:53","modified_gmt":"2023-09-06T14:19:53","slug":"muere-el-fisioterapeuta-de-la-seleccion-dominicana-de-baloncesto-durante-vuelo-de-regreso-a-rd","status":"publish","type":"post","link":"https:\/\/atofuete.net\/?p=29","title":{"rendered":"Muere el fisioterapeuta de la Selecci\u00f3n Dominicana de Baloncesto durante vuelo de regreso a RD"},"content":{"rendered":"\n<p>Regalado acompa\u00f1aba a la selecci\u00f3n en el Mundial FIBA 2023<\/p>\n\n\n\n<p>Falleci\u00f3 este martes&nbsp;Bladimir Regalado,&nbsp;<strong>fisioterapeuta<\/strong>&nbsp;de la&nbsp;<strong>Selecci\u00f3n Dominicana de Baloncesto<\/strong>.&nbsp;<\/p>\n\n\n\n<p>Regalado muri\u00f3 producto de un infarto durante un vuelo a\u00e9reo en el que regresaba a Rep\u00fablica Dominicana.<\/p>\n\n\n\n<p>\u00ab<em>Con profunda tristeza, informamos el fallecimiento de Bladimir Regalado,&nbsp;<strong>fisioterapeuta<\/strong>&nbsp;de nuestra Selecci\u00f3n Nacional, quien sufri\u00f3 un infarto en el avi\u00f3n de regreso desde Filipinas, donde acompa\u00f1aba a nuestra selecci\u00f3n en el Mundial FIBA 2023<\/em>\u00ab, inform\u00f3 la selecci\u00f3n en su cuenta de Instagram.<\/p>\n\n\n\n<p>\u00ab<em>Lamentamos profundamente esta p\u00e9rdida y enviamos nuestras condolencias a su familia, amigos y seres queridos. Bladimir Regalado fue un pilar fundamental en el equipo, dedicado y apasionado por su labor. Paz a su alma. Sus esfuerzos y compromiso en el mundo del baloncesto dominicano siempre ser\u00e1n recordados. Descansa en paz, NBA<\/em>\u00ab, dice el mensaje.&nbsp;<\/p>\n\n\n\n<p>\u00abHermano Bla\u00bb, como se le conoc\u00eda era desde hace varios a\u00f1os el<strong>&nbsp;<\/strong><strong>fisioterapeuta<\/strong>&nbsp;y masajista de la selecci\u00f3n, a la que&nbsp;tambi\u00e9n acompa\u00f1\u00f3 durante la gira de preparaci\u00f3n por Europa y Puerto Rico.<\/p>\n","protected":false},"excerpt":{"rendered":"<p>Regalado acompa\u00f1aba a la selecci\u00f3n en el Mundial FIBA 2023 Falleci\u00f3 este martes&nbsp;Bladimir Regalado,&nbsp;fisioterapeuta&nbsp;de la&nbsp;Selecci\u00f3n Dominicana de Baloncesto.&nbsp; Regalado muri\u00f3 producto de un infarto durante un vuelo a\u00e9reo en el que regresaba a Rep\u00fablica Dominicana. \u00abCon profunda tristeza, informamos el fallecimiento de Bladimir Regalado,&nbsp;fisioterapeuta&nbsp;de nuestra Selecci\u00f3n Nacional, quien sufri\u00f3 un infarto en el avi\u00f3n de [&hellip;]<\/p>\n","protected":false},"author":1,"featured_media":30,"comment_status":"open","ping_status":"open","sticky":false,"template":"","format":"standard","meta":{"footnotes":""},"categories":[5],"tags":[],"class_list":["post-29","post","type-post","status-publish","format-standard","has-post-thumbnail","hentry","category-deportes"],"_links":{"self":[{"href":"https:\/\/atofuete.net\/index.php?rest_route=\/wp\/v2\/posts\/29","targetHints":{"allow":["GET"]}}],"collection":[{"href":"https:\/\/atofuete.net\/index.php?rest_route=\/wp\/v2\/posts"}],"about":[{"href":"https:\/\/atofuete.net\/index.php?rest_route=\/wp\/v2\/types\/post"}],"author":[{"embeddable":true,"href":"https:\/\/atofuete.net\/index.php?rest_route=\/wp\/v2\/users\/1"}],"replies":[{"embeddable":true,"href":"https:\/\/atofuete.net\/index.php?rest_route=%2Fwp%2Fv2%2Fcomments&post=29"}],"version-history":[{"count":1,"href":"https:\/\/atofuete.net\/index.php?rest_route=\/wp\/v2\/posts\/29\/revisions"}],"predecessor-version":[{"id":31,"href":"https:\/\/atofuete.net\/index.php?rest_route=\/wp\/v2\/posts\/29\/revisions\/31"}],"wp:featuredmedia":[{"embeddable":true,"href":"https:\/\/atofuete.net\/index.php?rest_route=\/wp\/v2\/media\/30"}],"wp:attachment":[{"href":"https:\/\/atofuete.net\/index.php?rest_route=%2Fwp%2Fv2%2Fmedia&parent=29"}],"wp:term":[{"taxonomy":"category","embeddable":true,"href":"https:\/\/atofuete.net\/index.php?rest_route=%2Fwp%2Fv2%2Fcategories&post=29"},{"taxonomy":"post_tag","embeddable":true,"href":"https:\/\/atofuete.net\/index.php?rest_route=%2Fwp%2Fv2%2Ftags&post=29"}],"curies":[{"name":"wp","href":"https:\/\/api.w.org\/{rel}","templated":true}]}}