{"id":318,"date":"2024-10-09T14:00:00","date_gmt":"2024-10-09T18:00:00","guid":{"rendered":"https:\/\/atofuete.net\/?p=318"},"modified":"2024-10-09T11:56:08","modified_gmt":"2024-10-09T15:56:08","slug":"magin-diaz-exdirector-de-la-dgii-en-el-gobierno-del-pld-apoya-reforma-fiscal-y-califica-a-abinader-un-valiente","status":"publish","type":"post","link":"https:\/\/atofuete.net\/?p=318","title":{"rendered":"Mag\u00edn Diaz, exdirector de la DGII en el gobierno del PLD apoya reforma fiscal y califica a Abinader un \u00abvaliente\u00bb"},"content":{"rendered":"\n<p>El exdirector general de Impuestos Internos durante la gesti\u00f3n del expresidente Danilo Medina, Mag\u00edn D\u00edaz, expres\u00f3 su apoyo a la reforma o modernizaci\u00f3n fiscal planteada por el presidente Luis Abinader en su reciente discurso. En una entrevista especial concedida a la periodista Alicia Ortega en SIN, D\u00edaz, quien tambi\u00e9n es catedr\u00e1tico de la Pontificia Universidad Cat\u00f3lica Madre y Maestra (PUCMM) valor\u00f3 la importancia t\u00e9cnica de la propuesta.<\/p>\n\n\n\n<p>\u00abT\u00e9cnicamente correcta. Es lo que yo tengo 20 a\u00f1os ense\u00f1ando en la PUCMM, en mis cursos de finanzas p\u00fablicas. Yo creo que ning\u00fan economista sensato opinar\u00eda lo contrario\u00bb, afirm\u00f3 el exfuncionario.<\/p>\n\n\n\n<p>D\u00edaz se\u00f1al\u00f3 adem\u00e1s que, aunque la reforma ha sido anticipada durante a\u00f1os, su propuesta actual es m\u00e1s modesta en comparaci\u00f3n con la del 2021. \u00abEsta es la reforma m\u00e1s anticipada de la historia, porque estamos hablando de ella desde hace a\u00f1os. En principio es una reforma m\u00e1s modesta que la que quer\u00eda hacer el gobierno en el a\u00f1o 2021, que pretend\u00eda recaudar 122,000 millones. La del 2021 eran casi 200,000 millones\u00bb, explic\u00f3 el pasado incumbente.<\/p>\n\n\n\n<figure class=\"wp-block-video\"><video controls src=\"https:\/\/atofuete.net\/wp-content\/uploads\/2024\/10\/WhatsApp-Video-2024-10-09-at-8.04.25-AM.mp4\"><\/video><\/figure>\n\n\n\n<p>El catedr\u00e1tico tambi\u00e9n asegur\u00f3 que esta propuesta fiscal ha sido ajustada, eliminando algunos aspectos, y que existen razones macroecon\u00f3micas importantes que justifican su implementaci\u00f3n. \u00abHay razones macroecon\u00f3micas importantes para hacer una reforma. Yo creo que ning\u00fan economista sensato opinar\u00eda lo contrario por una reforma t\u00e9cnicamente correcta\u00bb, subray\u00f3 D\u00edaz.<\/p>\n\n\n\n<p>No obstante, el exfuncionario reconoci\u00f3 que llevar a cabo una reforma de este tipo en el actual contexto pol\u00edtico es un desaf\u00edo. \u00abPol\u00edticamente es complicado hacerlo. En ese sentido es valiente\u00bb, concluy\u00f3.<\/p>\n","protected":false},"excerpt":{"rendered":"<p>El exdirector general de Impuestos Internos durante la gesti\u00f3n del expresidente Danilo Medina, Mag\u00edn D\u00edaz, expres\u00f3 su apoyo a la reforma o modernizaci\u00f3n fiscal planteada por el presidente Luis Abinader en su reciente discurso. En una entrevista especial concedida a la periodista Alicia Ortega en SIN, D\u00edaz, quien tambi\u00e9n es catedr\u00e1tico de la Pontificia Universidad [&hellip;]<\/p>\n","protected":false},"author":1,"featured_media":320,"comment_status":"open","ping_status":"open","sticky":false,"template":"","format":"standard","meta":{"footnotes":""},"categories":[1,3],"tags":[],"class_list":["post-318","post","type-post","status-publish","format-standard","has-post-thumbnail","hentry","category-blog","category-noticias"],"_links":{"self":[{"href":"https:\/\/atofuete.net\/index.php?rest_route=\/wp\/v2\/posts\/318","targetHints":{"allow":["GET"]}}],"collection":[{"href":"https:\/\/atofuete.net\/index.php?rest_route=\/wp\/v2\/posts"}],"about":[{"href":"https:\/\/atofuete.net\/index.php?rest_route=\/wp\/v2\/types\/post"}],"author":[{"embeddable":true,"href":"https:\/\/atofuete.net\/index.php?rest_route=\/wp\/v2\/users\/1"}],"replies":[{"embeddable":true,"href":"https:\/\/atofuete.net\/index.php?rest_route=%2Fwp%2Fv2%2Fcomments&post=318"}],"version-history":[{"count":1,"href":"https:\/\/atofuete.net\/index.php?rest_route=\/wp\/v2\/posts\/318\/revisions"}],"predecessor-version":[{"id":321,"href":"https:\/\/atofuete.net\/index.php?rest_route=\/wp\/v2\/posts\/318\/revisions\/321"}],"wp:featuredmedia":[{"embeddable":true,"href":"https:\/\/atofuete.net\/index.php?rest_route=\/wp\/v2\/media\/320"}],"wp:attachment":[{"href":"https:\/\/atofuete.net\/index.php?rest_route=%2Fwp%2Fv2%2Fmedia&parent=318"}],"wp:term":[{"taxonomy":"category","embeddable":true,"href":"https:\/\/atofuete.net\/index.php?rest_route=%2Fwp%2Fv2%2Fcategories&post=318"},{"taxonomy":"post_tag","embeddable":true,"href":"https:\/\/atofuete.net\/index.php?rest_route=%2Fwp%2Fv2%2Ftags&post=318"}],"curies":[{"name":"wp","href":"https:\/\/api.w.org\/{rel}","templated":true}]}}