{"id":333,"date":"2024-10-10T12:59:56","date_gmt":"2024-10-10T16:59:56","guid":{"rendered":"https:\/\/atofuete.net\/?p=333"},"modified":"2024-10-10T12:59:56","modified_gmt":"2024-10-10T16:59:56","slug":"economistas-isidoro-santana-y-jaime-aristy-escuder-dicen-gobierno-esta-siendo-considerado-con-modernizacion-fiscal","status":"publish","type":"post","link":"https:\/\/atofuete.net\/?p=333","title":{"rendered":"ECONOMISTAS ISIDORO SANTANA Y JAIME ARISTY ESCUDER DICEN GOBIERNO EST\u00c1 SIENDO CONSIDERADO CON MODERNIZACI\u00d3N FISCAL"},"content":{"rendered":"\n<p><\/p>\n\n\n\n<p>Escuder asegura que los ricos pagar\u00e1n m\u00e1s<\/p>\n\n\n\n<p>Santo Domingo.- Los economistas Jaime Aristy Escuder e Isidoro Santana coincidieron en se\u00f1alar que la Rep\u00fablica Dominicana s\u00ed necesita una reforma fiscal y que la propuesta de modernizaci\u00f3n fiscal que hizo el Gobierno es considerada.<\/p>\n\n\n\n<p>Santana, exministro de Econom\u00eda, Planificaci\u00f3n y Desarrollo, plante\u00f3 que la propuesta del Gobierno debi\u00f3 ser incluso ser mucho m\u00e1s ambiciosa porque solo busca recaudar 122,000 millones de pesos adicionales equivalente al 1.5 % del Producto Interno Bruto (PIB), cuando se necesita mucho m\u00e1s.<\/p>\n\n\n\n<p>\u201cEn general, hasta ahora lo conocido me parece que va muy acorde con lo que se estaba esperando. De hecho, es mucho menos de lo que se necesita porque la realidad es que el Gobierno ten\u00eda que hacer una reforma mucho m\u00e1s ambiciosa\u201d, sostuvo.<\/p>\n\n\n<div class=\"wp-block-image\">\n<figure class=\"aligncenter size-full\"><img loading=\"lazy\" decoding=\"async\" width=\"770\" height=\"540\" src=\"https:\/\/atofuete.net\/wp-content\/uploads\/2024\/10\/WhatsApp-Image-2024-10-10-at-11.17.06-AM.jpeg\" alt=\"\" class=\"wp-image-334\" srcset=\"https:\/\/atofuete.net\/wp-content\/uploads\/2024\/10\/WhatsApp-Image-2024-10-10-at-11.17.06-AM.jpeg 770w, https:\/\/atofuete.net\/wp-content\/uploads\/2024\/10\/WhatsApp-Image-2024-10-10-at-11.17.06-AM-300x210.jpeg 300w, https:\/\/atofuete.net\/wp-content\/uploads\/2024\/10\/WhatsApp-Image-2024-10-10-at-11.17.06-AM-768x539.jpeg 768w\" sizes=\"auto, (max-width: 770px) 100vw, 770px\" \/><\/figure><\/div>\n\n\n<p>Expres\u00f3 que, a pesar de su costo pol\u00edtico porque las reformas fiscales son impopulares, \u201ces una gran cosa que al final se haya tomado una decisi\u00f3n y que se someta al Congreso. Ojal\u00e1 que se apruebe porque en verdad el pa\u00eds lo necesitaba eso\u201d.<\/p>\n\n\n\n<p>Manifest\u00f3 que los recursos que el Gobierno prev\u00e9 conseguir no ser\u00edan suficientes para los problemas que enfrenta el pa\u00eds porque solamente el d\u00e9ficit fiscal es el 3.1% del PIB.<\/p>\n\n\n\n<p>Ricos pagar\u00e1n m\u00e1s<\/p>\n\n\n\n<p>En tanto, Jaime Aristy Escuder asegur\u00f3 que la reforma tributaria planteada impactar\u00e1 principalmente a los sectores m\u00e1s acomodados de la sociedad. Afirm\u00f3 que esta es la primera vez desde la reforma fiscal de 1992, bajo el mandato de Joaqu\u00edn Balaguer, que el impacto recae de manera significativa sobre los segmentos m\u00e1s ricos de la poblaci\u00f3n.<br>\u201cEl ramalazo lo reciben los ricos. Vamos a poner las cosas claras. Es la primera vez que yo veo desde Balague en 1992, lo que se llama que me lo llevo completo un sistema de beneficios impositivos\u201d, expres\u00f3 Escuder.<\/p>\n\n\n<div class=\"wp-block-image\">\n<figure class=\"aligncenter size-full\"><img loading=\"lazy\" decoding=\"async\" width=\"546\" height=\"350\" src=\"https:\/\/atofuete.net\/wp-content\/uploads\/2024\/10\/WhatsApp-Image-2024-10-10-at-11.17.05-AM.jpeg\" alt=\"\" class=\"wp-image-335\" srcset=\"https:\/\/atofuete.net\/wp-content\/uploads\/2024\/10\/WhatsApp-Image-2024-10-10-at-11.17.05-AM.jpeg 546w, https:\/\/atofuete.net\/wp-content\/uploads\/2024\/10\/WhatsApp-Image-2024-10-10-at-11.17.05-AM-300x192.jpeg 300w\" sizes=\"auto, (max-width: 546px) 100vw, 546px\" \/><\/figure><\/div>\n\n\n<p><br>A\u00f1adi\u00f3 que su experiencia participando en reformas fiscales anteriores, como las de 1992, la del a\u00f1o 1996 bajo el gobierno de Leonel Fern\u00e1ndez, y la del 2000 durante la administraci\u00f3n de Hip\u00f3lito Mej\u00eda, le permite asegurar que la carga tributaria de la actual reforma ser\u00e1 asumida mayormente por aquellos con mayores ingresos.<br>Escuder detall\u00f3 que la descomposici\u00f3n de los RD$122,000 millones en ingresos adicionales al a\u00f1o previstos recaudar con la actual modernizaci\u00f3n fiscal muestra que \u201cla mayor parte la van a pagar los segmentos m\u00e1s ricos porque son los que m\u00e1s consumen, son los que m\u00e1s ingresos tienen y los que m\u00e1s se benefician con las leyes de incentivos\u201d.<br>Afirm\u00f3 que la reforma fiscal es necesaria, ya que las finanzas p\u00fablicas muestran un d\u00e9ficit persistente durante los \u00faltimos 20 a\u00f1os cercano al 3% del PIB. Esto ha provocado un crecimiento constante de la deuda p\u00fablica, que actualmente representa una cifra considerable para una econom\u00eda en desarrollo como la de Rep\u00fablica Dominicana.<\/p>\n\n\n\n<figure class=\"wp-block-video aligncenter\"><video controls src=\"https:\/\/atofuete.net\/wp-content\/uploads\/2024\/10\/WhatsApp-Video-2024-10-10-at-11.17.06-AM.mp4\"><\/video><\/figure>\n\n\n\n<p>Indic\u00f3 que el gobierno est\u00e1 siendo considerado en t\u00e9rminos de la magnitud de la modernizaci\u00f3n fiscal porque solo est\u00e1 buscando el 1.5% del PIB, y la defini\u00f3 como una \u201creforma peque\u00f1a\u201d.<\/p>\n","protected":false},"excerpt":{"rendered":"<p>Escuder asegura que los ricos pagar\u00e1n m\u00e1s Santo Domingo.- Los economistas Jaime Aristy Escuder e Isidoro Santana coincidieron en se\u00f1alar que la Rep\u00fablica Dominicana s\u00ed necesita una reforma fiscal y que la propuesta de modernizaci\u00f3n fiscal que hizo el Gobierno es considerada. Santana, exministro de Econom\u00eda, Planificaci\u00f3n y Desarrollo, plante\u00f3 que la propuesta del Gobierno [&hellip;]<\/p>\n","protected":false},"author":1,"featured_media":337,"comment_status":"open","ping_status":"open","sticky":false,"template":"","format":"standard","meta":{"footnotes":""},"categories":[8,3],"tags":[],"class_list":["post-333","post","type-post","status-publish","format-standard","has-post-thumbnail","hentry","category-economicas","category-noticias"],"_links":{"self":[{"href":"https:\/\/atofuete.net\/index.php?rest_route=\/wp\/v2\/posts\/333","targetHints":{"allow":["GET"]}}],"collection":[{"href":"https:\/\/atofuete.net\/index.php?rest_route=\/wp\/v2\/posts"}],"about":[{"href":"https:\/\/atofuete.net\/index.php?rest_route=\/wp\/v2\/types\/post"}],"author":[{"embeddable":true,"href":"https:\/\/atofuete.net\/index.php?rest_route=\/wp\/v2\/users\/1"}],"replies":[{"embeddable":true,"href":"https:\/\/atofuete.net\/index.php?rest_route=%2Fwp%2Fv2%2Fcomments&post=333"}],"version-history":[{"count":1,"href":"https:\/\/atofuete.net\/index.php?rest_route=\/wp\/v2\/posts\/333\/revisions"}],"predecessor-version":[{"id":338,"href":"https:\/\/atofuete.net\/index.php?rest_route=\/wp\/v2\/posts\/333\/revisions\/338"}],"wp:featuredmedia":[{"embeddable":true,"href":"https:\/\/atofuete.net\/index.php?rest_route=\/wp\/v2\/media\/337"}],"wp:attachment":[{"href":"https:\/\/atofuete.net\/index.php?rest_route=%2Fwp%2Fv2%2Fmedia&parent=333"}],"wp:term":[{"taxonomy":"category","embeddable":true,"href":"https:\/\/atofuete.net\/index.php?rest_route=%2Fwp%2Fv2%2Fcategories&post=333"},{"taxonomy":"post_tag","embeddable":true,"href":"https:\/\/atofuete.net\/index.php?rest_route=%2Fwp%2Fv2%2Ftags&post=333"}],"curies":[{"name":"wp","href":"https:\/\/api.w.org\/{rel}","templated":true}]}}