{"id":389,"date":"2025-04-25T23:16:59","date_gmt":"2025-04-26T03:16:59","guid":{"rendered":"https:\/\/atofuete.net\/?p=389"},"modified":"2025-04-25T23:16:59","modified_gmt":"2025-04-26T03:16:59","slug":"alejandro-sanz-el-primer-invitado-del-concierto-de-shakira-en-su-gira-de-ee-uu","status":"publish","type":"post","link":"https:\/\/atofuete.net\/?p=389","title":{"rendered":"Alejandro Sanz, el primer invitado del concierto de Shakira en su gira de EE.UU."},"content":{"rendered":"\n<p>Sera en el show del pr\u00f3ximo 13 de mayo en Charlotte (Carolina del Norte)<\/p>\n\n\n\n<p>La colombiana&nbsp;<strong>Shakira&nbsp;<\/strong>confirm\u00f3 este viernes que el espa\u00f1ol&nbsp;<strong>Alejandro Sanz&nbsp;<\/strong>cantar\u00e1 con ella&nbsp;<strong>&#8216;La tortura&#8217;<\/strong>&nbsp;en el concierto que dar\u00e1 el pr\u00f3ximo 13 de mayo en Charlotte (Carolina del Norte), el primero de los&nbsp;<strong>23 shows&nbsp;<\/strong>que har\u00e1 en los pr\u00f3ximos dos meses en EE.UU. y Canad\u00e1.<\/p>\n\n\n\n<p><strong>\u00abVoy a tener a varios de mis amigos y colegas acompa\u00f1\u00e1ndome. A que no adivinan qui\u00e9n va a estar d\u00e1ndome suerte en mi primer concierto en Charlotte el 13 de mayo: Alejandro Sanz\u00bb<\/strong>, expres\u00f3 La Loba en una historia de Instagram.<\/p>\n\n\n\n<p>La estrella colombiana agreg\u00f3: \u00ab<strong>As\u00ed que bueno, los fans de Alejandro Sanz que quieran vernos cantar &#8216;La tortura&#8217; van a tener que ir hasta Charlotte, menos mal que no est\u00e1 tan lejos, pero ah\u00ed nos vemos. Alejandro, gracias por estar ah\u00ed<\/strong>\u00ab.<\/p>\n\n\n\n<p>Shakira y Sanz lanzaron &#8216;La tortura&#8217; en 2005 y un a\u00f1o despu\u00e9s se volvieron a unir en &#8216;Te lo agradezco, pero no&#8217;, dos \u00e9xitos que a\u00fan, despu\u00e9s de dos d\u00e9cadas, siguen representando un hito en sus carreras.<\/p>\n\n\n\n<p>\u00abNo pod\u00eda faltar, no sabes las ganas que tengo de subirme a un escenario contigo y disfrutar, as\u00ed que nos vemos en Charlotte, adem\u00e1s tu primer concierto en la gira de Estados Unidos, qu\u00e9 m\u00e1s puedo pedir. Te quiero, te mando un besito\u00bb, expres\u00f3 el espa\u00f1ol en una historia publicada en Instagram.<\/p>\n\n\n\n<p>La gira recorrer\u00e1 la costa este del 13 de mayo al 7 de junio, continuar\u00e1 por Texas del 11 al 15 de junio y concluir\u00e1 en la costa oeste el 30 de junio en San Francisco.<\/p>\n\n\n\n<p>Luego comenzar\u00e1 la segunda etapa de su tour latinoamericano en Tijuana el 11 de agosto y tambi\u00e9n visitar\u00e1 las ciudades mexicanas de Hermosillo, Chihuahua, Torre\u00f3n, Monterrey, Ciudad de M\u00e9xico, Quer\u00e9taro, Guadalajara y Puebla, donde cerrar\u00e1 el 12 de septiembre.<\/p>\n\n\n\n<p>Hasta el momento los \u00faltimos dos conciertos programados de la &#8216;Las mujeres ya no lloran world tour&#8217; este a\u00f1o ser\u00e1n el 15 y 16 de noviembre en Lima, a la espera de que la colombiana anuncie fechas en otros lugares del mundo e incluso de Latinoam\u00e9rica.<\/p>\n","protected":false},"excerpt":{"rendered":"<p>Sera en el show del pr\u00f3ximo 13 de mayo en Charlotte (Carolina del Norte) La colombiana&nbsp;Shakira&nbsp;confirm\u00f3 este viernes que el espa\u00f1ol&nbsp;Alejandro Sanz&nbsp;cantar\u00e1 con ella&nbsp;&#8216;La tortura&#8217;&nbsp;en el concierto que dar\u00e1 el pr\u00f3ximo 13 de mayo en Charlotte (Carolina del Norte), el primero de los&nbsp;23 shows&nbsp;que har\u00e1 en los pr\u00f3ximos dos meses en EE.UU. y Canad\u00e1. \u00abVoy [&hellip;]<\/p>\n","protected":false},"author":1,"featured_media":390,"comment_status":"open","ping_status":"open","sticky":false,"template":"","format":"standard","meta":{"footnotes":""},"categories":[4],"tags":[],"class_list":["post-389","post","type-post","status-publish","format-standard","has-post-thumbnail","hentry","category-farandula"],"_links":{"self":[{"href":"https:\/\/atofuete.net\/index.php?rest_route=\/wp\/v2\/posts\/389","targetHints":{"allow":["GET"]}}],"collection":[{"href":"https:\/\/atofuete.net\/index.php?rest_route=\/wp\/v2\/posts"}],"about":[{"href":"https:\/\/atofuete.net\/index.php?rest_route=\/wp\/v2\/types\/post"}],"author":[{"embeddable":true,"href":"https:\/\/atofuete.net\/index.php?rest_route=\/wp\/v2\/users\/1"}],"replies":[{"embeddable":true,"href":"https:\/\/atofuete.net\/index.php?rest_route=%2Fwp%2Fv2%2Fcomments&post=389"}],"version-history":[{"count":1,"href":"https:\/\/atofuete.net\/index.php?rest_route=\/wp\/v2\/posts\/389\/revisions"}],"predecessor-version":[{"id":391,"href":"https:\/\/atofuete.net\/index.php?rest_route=\/wp\/v2\/posts\/389\/revisions\/391"}],"wp:featuredmedia":[{"embeddable":true,"href":"https:\/\/atofuete.net\/index.php?rest_route=\/wp\/v2\/media\/390"}],"wp:attachment":[{"href":"https:\/\/atofuete.net\/index.php?rest_route=%2Fwp%2Fv2%2Fmedia&parent=389"}],"wp:term":[{"taxonomy":"category","embeddable":true,"href":"https:\/\/atofuete.net\/index.php?rest_route=%2Fwp%2Fv2%2Fcategories&post=389"},{"taxonomy":"post_tag","embeddable":true,"href":"https:\/\/atofuete.net\/index.php?rest_route=%2Fwp%2Fv2%2Ftags&post=389"}],"curies":[{"name":"wp","href":"https:\/\/api.w.org\/{rel}","templated":true}]}}