{"id":39,"date":"2023-09-25T13:53:11","date_gmt":"2023-09-25T17:53:11","guid":{"rendered":"https:\/\/atofuete.net\/?p=39"},"modified":"2023-09-25T13:53:12","modified_gmt":"2023-09-25T17:53:12","slug":"la-tiradera-de-mozart-la-para-a-el-alfa-que-ha-sido-aplaudida-hasta-por-sus-criticos","status":"publish","type":"post","link":"https:\/\/atofuete.net\/?p=39","title":{"rendered":"La tiradera de Mozart la Para a El Alfa que ha sido aplaudida hasta por sus cr\u00edticos"},"content":{"rendered":"\n<p>En la canci\u00f3n el rapero se burla de la forma de cantar del dembowsero de fama internacional<\/p>\n\n\n\n<p>\u00abSin piedad\u00bb. As\u00ed fue definida la\u00a0<strong>tiradera<\/strong>\u00a0que\u00a0<strong>Mozart La Para<\/strong>\u00a0le dedic\u00f3 al exponente del dembow\u00a0<strong>El Alfa<\/strong>. En ella, el\u00a0<strong>rapero<\/strong>, que hace un par de a\u00f1os\u00a0<strong>tuvo un enfrentamiento l\u00edrico con su colega L\u00e1piz Conciente<\/strong>, hace gala de su soltura al momento de dedicar\u00a0<strong>rimas<\/strong>.<\/p>\n\n\n\n<p>En su canci\u00f3n, habla tanto de su aspecto f\u00edsico como de sus acciones y su supuesta falta de talento.<\/p>\n\n\n\n<p>&#8216;Esto no se trata de&nbsp;<strong>dinero<\/strong>, es del&nbsp;<strong>arte<\/strong>&nbsp;y del talento, de lo mal que se siente el adversario cuando lo enfrento&#8217;, se\u00f1ala en uno de los versos.<\/p>\n\n\n\n<p>&#8216;Suenas como una&nbsp;<strong>gallareta<\/strong>. T\u00fa est\u00e1s como un reloj de arena vida m\u00eda, mientras el&nbsp;<strong>bolsillo<\/strong>&nbsp;se llena, la cabeza m\u00e1s vac\u00eda&#8217;, se\u00f1ala en otro.<\/p>\n\n\n\n<p>En el tema tambi\u00e9n se mofa de lo f\u00e1cil que es hacer un tema de los de&nbsp;<strong>El Alfa<\/strong>. Y lo llama &#8216;<strong>da\u00f1a feacturing<\/strong>&#8216;.<\/p>\n\n\n\n<p><em>\u00abNo pudo haberlo dicho mejor, respeto tota\u00bb, \u00ablo que me agrada es que Morzat no tiene que decirle mala palabra para tirarle alguien y la rompe\u00bb y \u00abNo consumo Dembow pero esto estuvo wow esa fusi\u00f3n de rap y dembow estuvo brutal\u00bb,<\/em>&nbsp;fueron algunos de los comentarios en el video publicado en Youtube, que se ha convertido en la segunda tendencia entre los audiovisuales del pa\u00eds.<\/p>\n\n\n\n<figure class=\"wp-block-embed aligncenter is-type-video is-provider-youtube wp-block-embed-youtube wp-embed-aspect-16-9 wp-has-aspect-ratio\"><div class=\"wp-block-embed__wrapper\">\n<iframe loading=\"lazy\" title=\"Mozart La Para , Da\u00f1alo  | Video Oficial\" width=\"640\" height=\"360\" src=\"https:\/\/www.youtube.com\/embed\/t_j3fbdqXUI?feature=oembed\" frameborder=\"0\" allow=\"accelerometer; autoplay; clipboard-write; encrypted-media; gyroscope; picture-in-picture; web-share\" referrerpolicy=\"strict-origin-when-cross-origin\" allowfullscreen><\/iframe>\n<\/div><\/figure>\n\n\n\n<p>En el 2020,\u00a0<strong>mientras la gente se dividi\u00f3 entre\u00a0<strong>Mozart la Para<\/strong>\u00a0y L\u00e1piz Conciente por su famosa\u00a0<strong>tiradera<\/strong>,\u00a0<strong>el Alfa<\/strong>\u00a0se defini\u00f3 como \u00abel mejor\u00bb,<\/strong>\u00a0\u00abun ejemplo a seguir\u00bb y \u00abel orgullo de todo un pa\u00eds\u00bb.<\/p>\n\n\n\n<p>Todas esos halagos que el&nbsp;<strong>exponente urbano<\/strong>&nbsp;se realiz\u00f3 a s\u00ed mismo fueron por una raz\u00f3n, su alegr\u00eda por colaborar con el&nbsp;<strong>rapero<\/strong>&nbsp;estadounidense&nbsp;<strong>Tyga<\/strong>, uno de los m\u00e1s seguidos a nivel mundial.<\/p>\n\n\n\n<p>El cantante subi\u00f3 una serie de&nbsp;<strong>fotograf\u00edas<\/strong>&nbsp;a su cuenta de Instagram donde da la primicia de sus&nbsp;<strong>planes musicales<\/strong>&nbsp;y de paso aprovecha para tirar una&nbsp;<strong>indirecta<\/strong>&nbsp;sin decir a qui\u00e9n est\u00e1 dirigida.<\/p>\n\n\n\n<p>\u00abCon los artistas que tu\u00b4 te suenas, son fan\u00e1ticos m\u00edos\u00bb, refiri\u00f3 el exponente que ha grabado con varios de los artistas m\u00e1s pegados del g\u00e9nero urbano.<\/p>\n\n\n\n<p>De inmediato algunos de los usuarios de Instagram empezaron a&nbsp;<strong>etiquetar<\/strong>&nbsp;artistas del g\u00e9nero. Y los nombres de los protagonistas de la&nbsp;<strong>tiradera<\/strong>&nbsp;m\u00e1s comentada&nbsp;<strong>Mozart la Para<\/strong>&nbsp;y L\u00e1piz Conciente no faltaron.<\/p>\n","protected":false},"excerpt":{"rendered":"<p>En la canci\u00f3n el rapero se burla de la forma de cantar del dembowsero de fama internacional \u00abSin piedad\u00bb. As\u00ed fue definida la\u00a0tiradera\u00a0que\u00a0Mozart La Para\u00a0le dedic\u00f3 al exponente del dembow\u00a0El Alfa. En ella, el\u00a0rapero, que hace un par de a\u00f1os\u00a0tuvo un enfrentamiento l\u00edrico con su colega L\u00e1piz Conciente, hace gala de su soltura al momento [&hellip;]<\/p>\n","protected":false},"author":1,"featured_media":40,"comment_status":"open","ping_status":"open","sticky":false,"template":"","format":"standard","meta":{"footnotes":""},"categories":[4],"tags":[],"class_list":["post-39","post","type-post","status-publish","format-standard","has-post-thumbnail","hentry","category-farandula"],"_links":{"self":[{"href":"https:\/\/atofuete.net\/index.php?rest_route=\/wp\/v2\/posts\/39","targetHints":{"allow":["GET"]}}],"collection":[{"href":"https:\/\/atofuete.net\/index.php?rest_route=\/wp\/v2\/posts"}],"about":[{"href":"https:\/\/atofuete.net\/index.php?rest_route=\/wp\/v2\/types\/post"}],"author":[{"embeddable":true,"href":"https:\/\/atofuete.net\/index.php?rest_route=\/wp\/v2\/users\/1"}],"replies":[{"embeddable":true,"href":"https:\/\/atofuete.net\/index.php?rest_route=%2Fwp%2Fv2%2Fcomments&post=39"}],"version-history":[{"count":1,"href":"https:\/\/atofuete.net\/index.php?rest_route=\/wp\/v2\/posts\/39\/revisions"}],"predecessor-version":[{"id":41,"href":"https:\/\/atofuete.net\/index.php?rest_route=\/wp\/v2\/posts\/39\/revisions\/41"}],"wp:featuredmedia":[{"embeddable":true,"href":"https:\/\/atofuete.net\/index.php?rest_route=\/wp\/v2\/media\/40"}],"wp:attachment":[{"href":"https:\/\/atofuete.net\/index.php?rest_route=%2Fwp%2Fv2%2Fmedia&parent=39"}],"wp:term":[{"taxonomy":"category","embeddable":true,"href":"https:\/\/atofuete.net\/index.php?rest_route=%2Fwp%2Fv2%2Fcategories&post=39"},{"taxonomy":"post_tag","embeddable":true,"href":"https:\/\/atofuete.net\/index.php?rest_route=%2Fwp%2Fv2%2Ftags&post=39"}],"curies":[{"name":"wp","href":"https:\/\/api.w.org\/{rel}","templated":true}]}}