{"id":403,"date":"2025-04-26T15:39:14","date_gmt":"2025-04-26T19:39:14","guid":{"rendered":"https:\/\/atofuete.net\/?p=403"},"modified":"2025-04-26T15:39:14","modified_gmt":"2025-04-26T19:39:14","slug":"amara-la-negra-me-arrepiento-de-haber-dicho-cosas-de-mi-intimidad-y-del-padre-de-mis-hijas","status":"publish","type":"post","link":"https:\/\/atofuete.net\/?p=403","title":{"rendered":"Amara La Negra: \u201cMe arrepiento de haber dicho cosas de mi intimidad y del padre de mis hijas\u201d"},"content":{"rendered":"\n<p><a href=\"https:\/\/www.facebook.com\/sharer.php?u=https%3A%2F%2Fluminariastv.com%2Famara-la-negra-me-arrepiento-de-haber-dicho-cosas-de-mi-intimidad-y-del-padre-de-mis-hijas%2F\"><br><\/a><a href=\"https:\/\/twitter.com\/intent\/tweet?text=Amara+La+Negra%3A+%E2%80%9CMe+arrepiento+de+haber+dicho+cosas+de+mi+intimidad+y+del+padre+de+mis+hijas%E2%80%9D&amp;url=https%3A%2F%2Fluminariastv.com%2Famara-la-negra-me-arrepiento-de-haber-dicho-cosas-de-mi-intimidad-y-del-padre-de-mis-hijas%2F&amp;via=\"><\/a><a href=\"https:\/\/luminariastv.com\/amara-la-negra-me-arrepiento-de-haber-dicho-cosas-de-mi-intimidad-y-del-padre-de-mis-hijas\/#\"><\/a><a href=\"javascript:if(window.print)window.print()\"><\/a><a href=\"https:\/\/luminariastv.com\/amara-la-negra-me-arrepiento-de-haber-dicho-cosas-de-mi-intimidad-y-del-padre-de-mis-hijas\/#\"><\/a><\/p>\n\n\n\n<p>La cantante Amara La Negra revela que, en alg\u00fan momento de su vida, no supo controlar sus emociones y habl\u00f3 de m\u00e1s, uno de los errores que, como figura p\u00fablica, cometen. Reconoce que no manej\u00f3 sus sentimientos cuando tuvo algunas controversias con el padre de sus hijas.<\/p>\n\n\n\n<p>En una conversaci\u00f3n que sostuvo en Luz Garc\u00eda, el Podcast, Amara explic\u00f3 que, aunque todo se queda en el internet, no le gustar\u00eda que sus mellizas supieran o vieran todas las pol\u00e9micas que ocurrieron entre ella y su expareja, asegurando que se arrepiente de haber dicho cosas de su intimidad por respeto a las ni\u00f1as.<\/p>\n\n\n\n<p>De igual manera, asegur\u00f3 que de esas equivocaciones se aprende, y parte de ese crecimiento y de ese aprendizaje se puede apreciar en su manera de hablar y comportarse que tiene en la actualidad.<\/p>\n\n\n\n<p>Amara La Negra, desde que inici\u00f3 en el mundo del entretenimiento, ha estado envuelta en varias situaciones y enfrentamientos a trav\u00e9s de las plataformas digitales, convirti\u00e9ndose en tema de conversaci\u00f3n y captando la atenci\u00f3n de los seguidores.<\/p>\n","protected":false},"excerpt":{"rendered":"<p>La cantante Amara La Negra revela que, en alg\u00fan momento de su vida, no supo controlar sus emociones y habl\u00f3 de m\u00e1s, uno de los errores que, como figura p\u00fablica, cometen. Reconoce que no manej\u00f3 sus sentimientos cuando tuvo algunas controversias con el padre de sus hijas. En una conversaci\u00f3n que sostuvo en Luz Garc\u00eda, [&hellip;]<\/p>\n","protected":false},"author":1,"featured_media":404,"comment_status":"open","ping_status":"open","sticky":false,"template":"","format":"standard","meta":{"footnotes":""},"categories":[4],"tags":[],"class_list":["post-403","post","type-post","status-publish","format-standard","has-post-thumbnail","hentry","category-farandula"],"_links":{"self":[{"href":"https:\/\/atofuete.net\/index.php?rest_route=\/wp\/v2\/posts\/403","targetHints":{"allow":["GET"]}}],"collection":[{"href":"https:\/\/atofuete.net\/index.php?rest_route=\/wp\/v2\/posts"}],"about":[{"href":"https:\/\/atofuete.net\/index.php?rest_route=\/wp\/v2\/types\/post"}],"author":[{"embeddable":true,"href":"https:\/\/atofuete.net\/index.php?rest_route=\/wp\/v2\/users\/1"}],"replies":[{"embeddable":true,"href":"https:\/\/atofuete.net\/index.php?rest_route=%2Fwp%2Fv2%2Fcomments&post=403"}],"version-history":[{"count":1,"href":"https:\/\/atofuete.net\/index.php?rest_route=\/wp\/v2\/posts\/403\/revisions"}],"predecessor-version":[{"id":405,"href":"https:\/\/atofuete.net\/index.php?rest_route=\/wp\/v2\/posts\/403\/revisions\/405"}],"wp:featuredmedia":[{"embeddable":true,"href":"https:\/\/atofuete.net\/index.php?rest_route=\/wp\/v2\/media\/404"}],"wp:attachment":[{"href":"https:\/\/atofuete.net\/index.php?rest_route=%2Fwp%2Fv2%2Fmedia&parent=403"}],"wp:term":[{"taxonomy":"category","embeddable":true,"href":"https:\/\/atofuete.net\/index.php?rest_route=%2Fwp%2Fv2%2Fcategories&post=403"},{"taxonomy":"post_tag","embeddable":true,"href":"https:\/\/atofuete.net\/index.php?rest_route=%2Fwp%2Fv2%2Ftags&post=403"}],"curies":[{"name":"wp","href":"https:\/\/api.w.org\/{rel}","templated":true}]}}