{"id":60,"date":"2024-02-20T14:27:45","date_gmt":"2024-02-20T18:27:45","guid":{"rendered":"https:\/\/atofuete.net\/?p=60"},"modified":"2024-02-20T14:27:45","modified_gmt":"2024-02-20T18:27:45","slug":"rosa-ayala-ideologa-del-mes-de-la-herencia-dominicana","status":"publish","type":"post","link":"https:\/\/atofuete.net\/?p=60","title":{"rendered":"Rosa Ayala, ide\u00f3loga del Mes de la Herencia Dominicana"},"content":{"rendered":"\n<h2 class=\"wp-block-heading\">ENTREVISTA EXCLUSIVA<\/h2>\n\n\n\n<p>Quien introdujo la idea de realizar el Mes de la Herencia Dominicana en Nueva York, fue una mujer, vers\u00e1til, entusiasta, emprendedora, Rosa Ayala fue pionera del establecimiento de una celebraci\u00f3n que actualmente ha rebasado fronteras.<\/p>\n\n\n\n<p>Rosa Ayala naci\u00f3 en la provincia de La Vega Real, ciudad culta y ol\u00edmpica de Rep\u00fablica Dominicana y emigr\u00f3 a Nueva York un 4 de abril de 1979. Desde entonces se ha destacado por su gran entusiasmo, su iniciativa y su deseo de superaci\u00f3n. Cuando supo de la celebraci\u00f3n del Mes de la Historia Negra en la escuela de sus hijos, se le ocurri\u00f3 establecer una celebraci\u00f3n propia para la creciente comunidad dominicana de Nueva York.<\/p>\n\n\n\n<p>Rosa ha ejercido diferentes funciones y cargos, entre ellos, durante m\u00e1s de veintid\u00f3s a\u00f1os fue vicepresidente de la Gran Parada Dominicana del Bronx, la mayor expresi\u00f3n p\u00fablica de la diversidad cultural del pa\u00eds caribe\u00f1o en el llamado condado de La Salsa, donde radica desde que emigr\u00f3 a la ciudad y en donde ha criado a sus dos hijos, que le han convertido en abuela de nueve nietos.<\/p>\n\n\n\n<p>Rosa Ayala es vers\u00e1til y ha ejercido innumerables funciones, siendo entre otros directora de la Casa Cultural Dominicana. Tambi\u00e9n ha realizado innumerables emprendimientos, incluyendo la venta de helados y nos dice que \u201cle gusta evolucionar seg\u00fan el tiempo\u201d. Ha colaborado en diferentes organizaciones e instituciones, incluyendo desde agencias internacionales hasta dependencias de la ciudad.<\/p>\n\n\n\n<figure class=\"wp-block-image\" id=\"attachment_449547\"><img decoding=\"async\" src=\"https:\/\/impactolatino.com\/wp-content\/uploads\/2024\/02\/ROSA-AYALA-UNITED-BODEGAS-OF-AMERICA.jpg\" alt=\"Rosa Ayala, asistente ejecutiva de United Bodegas of America, entidad con la que est\u00e1 desde su establecimiento, en esta gr\u00e1fica de archivo, tercera de Der. a Izq, durante la visita de Doris Nouel Mart\u00ednez, ministra consejera de la Embajada Dominicana en Washington DC.\" class=\"wp-image-449547\"\/><figcaption class=\"wp-element-caption\">Rosa Ayala, asistente ejecutiva de United Bodegas of America, entidad con la que est\u00e1 desde su establecimiento, en esta gr\u00e1fica de archivo, tercera de Der. a Izq, durante la visita de Doris Nouel Mart\u00ednez, ministra consejera de la Embajada Dominicana en Washington DC.<\/figcaption><\/figure>\n\n\n\n<p>Ha estudiado Ciencias y letras y ha realizado innumerables cursos y seminarios. Fue auxiliar del Departamento de Polic\u00eda de Nueva York durante diecis\u00e9is a\u00f1os, estudi\u00f3 secretariado ejecutivo en la Universidad del Bronx Community College y tiene estudios en Teolog\u00eda y Relaciones Internacionales.<\/p>\n\n\n\n<figure class=\"wp-block-image\" id=\"attachment_449544\"><img decoding=\"async\" src=\"https:\/\/impactolatino.com\/wp-content\/uploads\/2024\/02\/Rosa-Ayala-1.jpeg\" alt=\"Rosa Ayala.\" class=\"wp-image-449544\"\/><figcaption class=\"wp-element-caption\">Rosa Ayala.<\/figcaption><\/figure>\n\n\n\n<p>Rosa es parte de United Bodegas de America desde su establecimiento y se desenvuelve como asistente ejecutiva de este gremio, que congrega a miles de negocios que se encuentran en todos los barrios de la ciudad de Nueva York. Dialogamos sobre su iniciativa de celebrar un mes entero a su pa\u00eds natal.<\/p>\n\n\n\n<p><strong>\u00bfCu\u00e1ndo fue la primera celebraci\u00f3n del Mes de la Herencia Dominicana?<\/strong><\/p>\n\n\n\n<p>&#8211;&nbsp; Fue en 1998, en una cafeter\u00eda de la calle 28 y Broadway de Manhattan, de propiedad de la familia del actor Ra\u00fal de&nbsp;Juli\u00e1, a cuya viuda conoc\u00ed en la gobernaci\u00f3n de Nueva York.<\/p>\n\n\n\n<p><strong>\u00bfCu\u00e1l fue la motivaci\u00f3n para iniciar esta celebraci\u00f3n?<\/strong><\/p>\n\n\n\n<p>&#8211;&nbsp;Me vino la idea de instaurar el Mes de la Herencia Dominicana en 1987 y al llegar a la Gran Parada Dominicana del Bronx en 1995 ya pensaba en ayudar a la gran comunidad de mi pa\u00eds de origen y a la comunidad latina en Estados Unidos y as\u00ed surgi\u00f3 la idea de establecer esta celebraci\u00f3n y crear una plataforma para el Mes de la Herencia Dominicana.<\/p>\n\n\n\n<p>Cuando llega la fecha del 21 de enero, para nosotros los dominicanos, la celebraci\u00f3n de la Virgen de Altagracia, que es la Patrona de Rep\u00fablica Dominicana, es importante y yo eleg\u00ed esa fecha para iniciar la celebraci\u00f3n del Mes de la Herencia Dominicana y para terminar tenemos como referente nuestra independencia.<\/p>\n\n\n\n<p><strong>\u00bfQu\u00e9 autoridades ayudaron al establecimiento de esta celebraci\u00f3n?<\/strong><\/p>\n\n\n\n<p>&#8211; Esta celebraci\u00f3n la comenz\u00f3 durante la gesti\u00f3n del gobernador George Pataki, cuando era alcalde Rudolph GIuliani, con la ayuda de la oficina de Derechos Humanos de la ciudad de Nueva York, en donde era directora la Sra. Sara Vidal. Lo realizamos conjuntamente con el Consulado de Rep\u00fablica Dominicana, entonces encabezado por el Sr. Bienvenido P\u00e9rez.<\/p>\n\n\n\n<p><strong>\u00bfC\u00f3mo comenz\u00f3 la celebraci\u00f3n?<\/strong><\/p>\n\n\n\n<p>&#8211; Cuando comenc\u00e9 a hablar con las autoridades para realizar el Mes de la Herencia Dominicana me reun\u00ed en el consulado dominicano y le comunique al c\u00f3nsul P\u00e9rez, la idea de establecer la celebraci\u00f3n del Mes de la Herencia Dominicana y \u00e9l no ten\u00eda idea, pero sugiri\u00f3 trabajar con la encargada de protocolo del consulado, la Sra. Mar\u00eda Richardson, una gran amiga que vive en Nueva York y es una gran empresaria y emprendedora.<\/p>\n\n\n\n<p>Con Mar\u00eda Richardson conseguimos reunir alrededor de tres mil firmas, incluyendo a agrupaciones dominicanas de todos los condados de la ciudad, incluyendo Brooklyn, Queens, Staten Island,&nbsp;&nbsp;Manhattan, El Bronx y con dominicanos residentes en Boston Massachusetts, Pennsylvania, Connecticut Rhode Island<\/p>\n\n\n\n<p><strong>\u00bfAlg\u00fan hito en el proceso de establecimiento del Mes de la Herencia Dominicana?<\/strong><\/p>\n\n\n\n<p>&#8211; Durante la gesti\u00f3n del presidente George H.W. Bush padre, conjuntamente con Fernando Mateo y con respaldo del gobernador George Pataki, llev\u00e9 la celebraci\u00f3n del Mes de la Herencia Dominicana a la Casa Blanca. Ah\u00ed se comenz\u00f3 a celebrar con los Bush, pero despu\u00e9s, durante la gesti\u00f3n de Bush hijo ya no se realiz\u00f3, pero se continu\u00f3 celebrando el Mes de la Herencia Dominicana con el presidente Obama.<\/p>\n\n\n\n<p>En el 2010 el ex senador del Estado de Nueva York, Rev. Ruben D\u00edaz, me ayud\u00f3 a establecer oficialmente en el Congreso y en el Senado de Estados Unidos, el Mes de la Herencia&nbsp; Dominicana. Se realizaron celebraciones en el z\u00f3calo en la capital del estado, en Albany y unos cincuenta y seis legisladores en el Senado firmaron la oficializaci\u00f3n de la celebraci\u00f3n del Mes de la Herencia Dominicana a nivel estatal.<\/p>\n\n\n\n<p><strong>\u00bfC\u00f3mo se siente ahora que es una celebraci\u00f3n internacional?<\/strong><\/p>\n\n\n\n<p>&#8211; Eso uno debe sentirlo&nbsp; en la sangre, en la piel, en todo su ser, porque es algo emocional, espiritual y sabemos que estamos dejando un legado a toda la comunidad internacional, su herencia, su cultura.<\/p>\n\n\n\n<p><strong>Un mensaje final.<\/strong><\/p>\n\n\n\n<p>-Es muy importante para los latinoamericanos de todas las nacionalidades, que inculquemos e instruyamos a nuestras familias, hijos y nietos, para que se mantenga la historia, costumbres y tradiciones de nuestros pa\u00edses de origen, como lo hac\u00edan nuestros ancestros, para que tengan nociones de c\u00f3mo mantener sus ra\u00edces, saber c\u00f3mo expresar en este tiempo presente, del siglo XXI, lo que somos y hemos heredado.<\/p>\n","protected":false},"excerpt":{"rendered":"<p>ENTREVISTA EXCLUSIVA Quien introdujo la idea de realizar el Mes de la Herencia Dominicana en Nueva York, fue una mujer, vers\u00e1til, entusiasta, emprendedora, Rosa Ayala fue pionera del establecimiento de una celebraci\u00f3n que actualmente ha rebasado fronteras. Rosa Ayala naci\u00f3 en la provincia de La Vega Real, ciudad culta y ol\u00edmpica de Rep\u00fablica Dominicana y [&hellip;]<\/p>\n","protected":false},"author":1,"featured_media":61,"comment_status":"open","ping_status":"open","sticky":false,"template":"","format":"standard","meta":{"footnotes":""},"categories":[3],"tags":[],"class_list":["post-60","post","type-post","status-publish","format-standard","has-post-thumbnail","hentry","category-noticias"],"_links":{"self":[{"href":"https:\/\/atofuete.net\/index.php?rest_route=\/wp\/v2\/posts\/60","targetHints":{"allow":["GET"]}}],"collection":[{"href":"https:\/\/atofuete.net\/index.php?rest_route=\/wp\/v2\/posts"}],"about":[{"href":"https:\/\/atofuete.net\/index.php?rest_route=\/wp\/v2\/types\/post"}],"author":[{"embeddable":true,"href":"https:\/\/atofuete.net\/index.php?rest_route=\/wp\/v2\/users\/1"}],"replies":[{"embeddable":true,"href":"https:\/\/atofuete.net\/index.php?rest_route=%2Fwp%2Fv2%2Fcomments&post=60"}],"version-history":[{"count":1,"href":"https:\/\/atofuete.net\/index.php?rest_route=\/wp\/v2\/posts\/60\/revisions"}],"predecessor-version":[{"id":62,"href":"https:\/\/atofuete.net\/index.php?rest_route=\/wp\/v2\/posts\/60\/revisions\/62"}],"wp:featuredmedia":[{"embeddable":true,"href":"https:\/\/atofuete.net\/index.php?rest_route=\/wp\/v2\/media\/61"}],"wp:attachment":[{"href":"https:\/\/atofuete.net\/index.php?rest_route=%2Fwp%2Fv2%2Fmedia&parent=60"}],"wp:term":[{"taxonomy":"category","embeddable":true,"href":"https:\/\/atofuete.net\/index.php?rest_route=%2Fwp%2Fv2%2Fcategories&post=60"},{"taxonomy":"post_tag","embeddable":true,"href":"https:\/\/atofuete.net\/index.php?rest_route=%2Fwp%2Fv2%2Ftags&post=60"}],"curies":[{"name":"wp","href":"https:\/\/api.w.org\/{rel}","templated":true}]}}