{"id":72,"date":"2024-05-13T21:25:06","date_gmt":"2024-05-14T01:25:06","guid":{"rendered":"https:\/\/atofuete.net\/?p=72"},"modified":"2024-05-13T21:25:07","modified_gmt":"2024-05-14T01:25:07","slug":"la-cantante-myriam-hernandez-confirma-su-presentacion-en-el-teatro-nacional-eduardo-brito","status":"publish","type":"post","link":"https:\/\/atofuete.net\/?p=72","title":{"rendered":"La cantante Myriam Hern\u00e1ndez confirma su presentaci\u00f3n en el Teatro Nacional Eduardo Brito"},"content":{"rendered":"\n<p>Traer\u00e1 al pa\u00eds su nueva gira \u00abInvencible\u00bb para una actuaci\u00f3n que est\u00e1 programada para el 15 de junio<\/p>\n\n\n\n<p>La destacada artista chilena&nbsp;<strong>Myriam Hern\u00e1ndez<\/strong>&nbsp;contin\u00faa<strong>&nbsp;presentando&nbsp;<\/strong>su espect\u00e1culo de \u00e9xitos \u00abInvencible\u00bb un concierto de cl\u00e1sicos de la m\u00fasica rom\u00e1ntica latinoamericana como &#8216;Huele a peligro&#8217; y &#8216;El hombre que yo amo&#8217;, entre otras composiciones, las cuales interpretar\u00e1 durante su actuaci\u00f3n en la<strong>&nbsp;Rep\u00fablica Dominicana el 15 de junio<\/strong>&nbsp;cuando se presente en el Teatro Nacional Eduardo Brito.<\/p>\n\n\n\n<p>La artista, que lanz\u00f3 recientemente el videoclip &#8216;Me acostumbr\u00e9 a dormir sin ti&#8217; extra\u00edda de su m\u00e1s reciente \u00e1lbum &#8216;<strong>Tauro<\/strong>&#8216;&nbsp; cuenta con una trayectoria de&nbsp;&nbsp;35 a\u00f1os de carrera ininterrumpidos en la m\u00fasica latina. Un concierto en el que recopila sus cl\u00e1sicos en el cancionero latino como \u00b4Un hombre secreto\u00b4<strong>, \u00b4Herida<\/strong>\u00b4, \u00b4El Hombre que yo amo\u00b4, \u00b4Se me fue\u00b4, \u00b4Mio\u00b4, \u00b4Tonto\u00b4, \u00b4Ay amor\u00b4, &#8216;Huele a peligro&#8217;, \u00b4Te pareces tanto a \u00e9l\u00b4 entre otros hits de su extenso listado de \u00e9xitos acreditados en las listas del ranking latino de&nbsp;<strong>Billboard<\/strong>&nbsp;durante la d\u00e9cada noventa.<\/p>\n\n\n\n<p>Tambi\u00e9n las canciones&nbsp;<strong>destacadas<\/strong>&nbsp;de sus \u00faltimos trabajos \u00b4Sinergia\u00b4 (2022) y el m\u00e1s reciente &#8216;<strong>Tauro<\/strong>&#8216; (2024), dos \u00e1lbumes de pop rom\u00e1ntico producidos por el espa\u00f1ol&nbsp;<strong>Jacobo Calder\u00f3n<\/strong>&nbsp;con el estilo intacto de la cantante chilena.<\/p>\n\n\n\n<p><strong>Myriam Hern\u00e1ndez<\/strong>&nbsp;posee una voz dotada de empat\u00eda y personalidad que marc\u00f3 un estilo y forma de cantar al amor desde su primer disco (publicado en 1988), llamada \u00abLa Baladista de Am\u00e9rica\u00bb y que ha sido reconocida con el Premio a la Excelencia Musical de la Academia Latina de la Grabaci\u00f3n&nbsp;<strong>Latin Grammy<\/strong>, el&nbsp;<strong>Premio Musa<\/strong>&nbsp;en su ingreso al Latin Songwriters Hall of Fame en Miami y recientemente distinguida como&nbsp;<strong>Figura Fundamental<\/strong>&nbsp;de la M\u00fasica Chilena 2023 por la Sociedad de Autores de Chile (SCD).<\/p>\n\n\n\n<h2 class=\"wp-block-heading\">Su trayectoria<\/h2>\n\n\n\n<p>Tambi\u00e9n a lo largo de su carrera ha acreditado 13 de sus singles en el&nbsp;<strong>Hot Latin Songs<\/strong>&nbsp;y 6 de sus discos en el&nbsp;<strong>Latin Pop Albums<\/strong>&nbsp;en el influyente ranking&nbsp;<strong>Billboard<\/strong>, siendo el primer y \u00fanico artista chileno en alcanzar el Top #1 por singles en dos ocasiones (&#8216;Te pareces tanto a \u00e9l&#8217; y &#8216;Peligroso amor&#8217;) y por ventas de discos en Estados Unidos. En 1990 su primer \u00e1lbum hom\u00f3nimo (1988) permaneci\u00f3 43 semanas en el ranking de discos mientras que su segundo lanzamiento &#8216;Dos&#8217; (1990) fue Top #1 por varias semanas y se mantuvo por 11 meses en el chart latino.<\/p>\n\n\n\n<p>Adem\u00e1s acredit\u00f3 dos n\u00famero 1 en el apartado Latin Pop Airplay (&#8216;Ese hombre&#8217; y<strong>&nbsp;&#8216;Huele a peligro&#8217;<\/strong>) y el a\u00f1o 2008 su versi\u00f3n de &#8216;D\u00f3nde estar\u00e1 mi primavera&#8217; permaneci\u00f3 por 34 semanas en el listado.<\/p>\n\n\n\n<p>La voz portentosa, c\u00e1lida y sutil de la cantante es un elemento clave de su estilo, una ecuaci\u00f3n producto del talento, carisma, pasi\u00f3n y profesionalismo que le han otorgado su lugar en la m\u00fasica latina.<\/p>\n\n\n\n<p>Sello rom\u00e1ntico patentado a lo largo de su trayectoria y nuevo \u00e1lbum &#8216;<strong>Tauro<\/strong>&#8216; (2024) su duod\u00e9cimo trabajo de estudio del que ha desprendido una serie de canciones y videoclips: &#8216;Nos lo hemos dicho todo&#8217;, &#8216;Invencible&#8217;, &#8216;Solo cu\u00eddate y adi\u00f3s&#8217;, &#8216;Con los cinco sentidos&#8217;, &#8216;Como el aire&#8217; y &#8216;Me acostumbr\u00e9 a vivir sin ti&#8217; como pruebas de su vigor art\u00edstico acompa\u00f1ada por&nbsp;<strong>Jacobo Calder\u00f3n<\/strong>&nbsp;con quien grab\u00f3 anteriormente el disco &#8216;Sinergia&#8217; y el \u00e1lbum especial &#8216;Nuestra navidad&#8217; (2022 y la versi\u00f3n especial 2023), tres trabajos consecutivos publicados en formato digital en todas las plataformas bajo sello propio.<\/p>\n\n\n\n<h2 class=\"wp-block-heading\">Su gira<\/h2>\n\n\n\n<p>&nbsp;Y su actual gira &nbsp;<strong>\u00abInvencible\u00bb&nbsp;<\/strong>ya pas\u00f3 por Costa Rica, Nicaragua,&nbsp;<strong>Paraguay, Guatemala&nbsp;<\/strong>y que el 7 de junio estar\u00e1 en la Plaza de Toros de Quito en Ecuador (entradas en&nbsp;<strong>Ticketshow<\/strong>) antes de emprender vuelo a&nbsp;<strong>Europa<\/strong>.<\/p>\n\n\n\n<p>Despu\u00e9s de seis a\u00f1os la cantante regresar\u00e1 a Italia y Espa\u00f1a, tras su primera visita en el 2018 en la que reuni\u00f3 a miles de asistentes coreando sus canciones, comenzando el 4 de julio en el&nbsp;<strong>Sant Jordi Club<\/strong>&nbsp;de Barcelona, uno de los principales recintos de la capital catalana, y un d\u00eda despu\u00e9s en&nbsp;<strong>La Nueva Cubierta<\/strong>&nbsp;de Legan\u00e9s en Madrid.<\/p>\n\n\n\n<p>Sumando el s\u00e1bado 6 ser\u00e1 su&nbsp;<strong>debut e<\/strong>n la capital francesa en el teatro Folies Berg\u00e8re, un recinto hist\u00f3rico ubicado en pleno centro de Par\u00eds, terminando el Arena Opiquad de Monza en las cercan\u00edas de Mil\u00e1n.<\/p>\n\n\n\n<p>Para su regreso a Chile estar\u00e1 en el&nbsp;<strong>Movistar Arena<\/strong>&nbsp;en Santiago -por tercera vez en evento propio- el 24 de agosto continuando con una serie de presentaciones en Argentina comenzando el 29 de agosto en Mendoza y otras ciudades (Buenos Aires, C\u00f3rdoba, Tucum\u00e1n, Salta y Rosario) adem\u00e1s de otros dos conciertos anunciados en el Teatro Municipal de Vi\u00f1a del Mar para los d\u00edas 20 y 21 de septiembre.<\/p>\n\n\n\n<p>Inmediatamente despu\u00e9s viajar\u00e1 a Estados Unidos para cuatro conciertos: 26 d<strong>e septiembre en&nbsp;<\/strong>Lynn, el 27 de septiembre en el United Palace de Nueva York, el 28 en el Ritz Theatre de New Jersey y el 5 de octubre en el James L Knight Center de Miami (entradas en&nbsp;<strong>Ticketmaster<\/strong>) para seguir en cinco ciudades de Colombia (Bogot\u00e1, Bucaramanga, Manizales, Cali y Medell\u00edn), Lima en Per\u00fa y Ciudad de Panam\u00e1 entre otras ciudades latinoamericanas por anunciar.<\/p>\n\n\n\n<p>La artista fue recientemente galardonada como\u00a0<strong>Figura Fundamental<\/strong>\u00a0de la M\u00fasica Chilena por la Sociedad de Autores de Chile (SCD) con un evento homenaje en el que participaron artistas como\u00a0<strong>Karol G<\/strong>\u00a0(con quien tuvo un emocionante reencuentro durante sus conciertos en Santiago), Paul Anka, Javiera Mena, Los Bunkers, Quique Neira, Nicole y Mon Laferte que grab\u00f3 su propia versi\u00f3n del cl\u00e1sico &#8216;Huele a peligro&#8217;.<\/p>\n\n\n\n<figure class=\"wp-block-embed is-type-video is-provider-youtube wp-block-embed-youtube wp-embed-aspect-16-9 wp-has-aspect-ratio\"><div class=\"wp-block-embed__wrapper\">\n<iframe loading=\"lazy\" title=\"Myriam Hernandez - Me Acostumbre A Dormir Sin Ti (Video Oficial)\" width=\"640\" height=\"360\" src=\"https:\/\/www.youtube.com\/embed\/8jcJlP8UVPc?feature=oembed\" frameborder=\"0\" allow=\"accelerometer; autoplay; clipboard-write; encrypted-media; gyroscope; picture-in-picture; web-share\" referrerpolicy=\"strict-origin-when-cross-origin\" allowfullscreen><\/iframe>\n<\/div><\/figure>\n","protected":false},"excerpt":{"rendered":"<p>Traer\u00e1 al pa\u00eds su nueva gira \u00abInvencible\u00bb para una actuaci\u00f3n que est\u00e1 programada para el 15 de junio La destacada artista chilena&nbsp;Myriam Hern\u00e1ndez&nbsp;contin\u00faa&nbsp;presentando&nbsp;su espect\u00e1culo de \u00e9xitos \u00abInvencible\u00bb un concierto de cl\u00e1sicos de la m\u00fasica rom\u00e1ntica latinoamericana como &#8216;Huele a peligro&#8217; y &#8216;El hombre que yo amo&#8217;, entre otras composiciones, las cuales interpretar\u00e1 durante su actuaci\u00f3n [&hellip;]<\/p>\n","protected":false},"author":1,"featured_media":73,"comment_status":"open","ping_status":"open","sticky":false,"template":"","format":"standard","meta":{"footnotes":""},"categories":[4],"tags":[],"class_list":["post-72","post","type-post","status-publish","format-standard","has-post-thumbnail","hentry","category-farandula"],"_links":{"self":[{"href":"https:\/\/atofuete.net\/index.php?rest_route=\/wp\/v2\/posts\/72","targetHints":{"allow":["GET"]}}],"collection":[{"href":"https:\/\/atofuete.net\/index.php?rest_route=\/wp\/v2\/posts"}],"about":[{"href":"https:\/\/atofuete.net\/index.php?rest_route=\/wp\/v2\/types\/post"}],"author":[{"embeddable":true,"href":"https:\/\/atofuete.net\/index.php?rest_route=\/wp\/v2\/users\/1"}],"replies":[{"embeddable":true,"href":"https:\/\/atofuete.net\/index.php?rest_route=%2Fwp%2Fv2%2Fcomments&post=72"}],"version-history":[{"count":1,"href":"https:\/\/atofuete.net\/index.php?rest_route=\/wp\/v2\/posts\/72\/revisions"}],"predecessor-version":[{"id":74,"href":"https:\/\/atofuete.net\/index.php?rest_route=\/wp\/v2\/posts\/72\/revisions\/74"}],"wp:featuredmedia":[{"embeddable":true,"href":"https:\/\/atofuete.net\/index.php?rest_route=\/wp\/v2\/media\/73"}],"wp:attachment":[{"href":"https:\/\/atofuete.net\/index.php?rest_route=%2Fwp%2Fv2%2Fmedia&parent=72"}],"wp:term":[{"taxonomy":"category","embeddable":true,"href":"https:\/\/atofuete.net\/index.php?rest_route=%2Fwp%2Fv2%2Fcategories&post=72"},{"taxonomy":"post_tag","embeddable":true,"href":"https:\/\/atofuete.net\/index.php?rest_route=%2Fwp%2Fv2%2Ftags&post=72"}],"curies":[{"name":"wp","href":"https:\/\/api.w.org\/{rel}","templated":true}]}}